{"id":156360,"date":"2020-10-19T13:03:30","date_gmt":"2020-10-19T10:03:30","guid":{"rendered":"http:\/\/107.6.182.27\/es\/?p=156360"},"modified":"2020-10-19T13:03:30","modified_gmt":"2020-10-19T10:03:30","slug":"bombardean-terroristas-proturcos-a-ain-issa-en-provincia-de-hasakeh","status":"publish","type":"post","link":"https:\/\/archive.sana.sy\/es\/?p=156360","title":{"rendered":"Bombardean terroristas proturcos a Ain Issa en provincia de Hasakeh"},"content":{"rendered":"<p style=\"text-align: justify;\"><span style=\"color: #800000;\"><strong>Raqa, SANA<\/strong><\/span><\/p>\n<p style=\"text-align: justify;\">Las fuerzas de ocupaci\u00f3n turcas y sus mercenarios atacaron con artiller\u00eda a la ciudad Ain Issa, situada en el norte de Raqa.<\/p>\n<p style=\"text-align: justify;\">Activistas locales informaron a SANA que las fuerzas de ocupaci\u00f3n turcas y sus mercenarios bombardearon con varios proyectiles de artiller\u00eda a Ain Issa, provocando da\u00f1os materiales.<\/p>\n<p style=\"text-align: justify;\">Cabe resaltar que el ocupante turco y sus terroristas persisten en sus ataques contra los civiles as\u00ed como atentan contra la infraestructura y las propiedades p\u00fablicas y privadas.<\/p>\n<p style=\"text-align: justify;\">Por otro lado, confirman activistas que un estado de p\u00e1nico prevalece entre los civiles debido a las redadas y acciones de secuestro que lleva a cabo el ocupante y sus mercenarios en las \u00e1reas bajo su control.<\/p>\n<p style=\"text-align: justify;\">Aseguraron que ellos pretenden desplazar la poblaci\u00f3n local y sustituirla con familias de terroristas proturcos.<\/p>\n<p style=\"text-align: justify;\"><strong><span style=\"color: #0000ff;\">ed\/fm<\/span><\/strong><\/p>\n","protected":false},"excerpt":{"rendered":"<p>Raqa, SANA Las fuerzas de ocupaci\u00f3n turcas y sus mercenarios atacaron con artiller\u00eda a la ciudad Ain Issa, situada en el norte de Raqa. Activistas locales informaron a SANA que las fuerzas de ocupaci\u00f3n turcas y sus mercenarios bombardearon con varios proyectiles de artiller\u00eda a Ain Issa, provocando da\u00f1os materiales. Cabe resaltar que el ocupante &hellip;<\/p>\n","protected":false},"author":32,"featured_media":155815,"comment_status":"closed","ping_status":"closed","sticky":false,"template":"","format":"standard","meta":{"footnotes":""},"categories":[597,573,476,7541],"tags":[],"class_list":["post-156360","post","type-post","status-publish","format-standard","has-post-thumbnail","","category-cinta-de-noticias","category-la-realidad-de-los-acontecimientos-en-siria","category-locales","category-ultimas-noticias"],"_links":{"self":[{"href":"https:\/\/archive.sana.sy\/es\/index.php?rest_route=\/wp\/v2\/posts\/156360"}],"collection":[{"href":"https:\/\/archive.sana.sy\/es\/index.php?rest_route=\/wp\/v2\/posts"}],"about":[{"href":"https:\/\/archive.sana.sy\/es\/index.php?rest_route=\/wp\/v2\/types\/post"}],"author":[{"embeddable":true,"href":"https:\/\/archive.sana.sy\/es\/index.php?rest_route=\/wp\/v2\/users\/32"}],"replies":[{"embeddable":true,"href":"https:\/\/archive.sana.sy\/es\/index.php?rest_route=%2Fwp%2Fv2%2Fcomments&post=156360"}],"version-history":[{"count":0,"href":"https:\/\/archive.sana.sy\/es\/index.php?rest_route=\/wp\/v2\/posts\/156360\/revisions"}],"wp:featuredmedia":[{"embeddable":true,"href":"https:\/\/archive.sana.sy\/es\/index.php?rest_route=\/wp\/v2\/media\/155815"}],"wp:attachment":[{"href":"https:\/\/archive.sana.sy\/es\/index.php?rest_route=%2Fwp%2Fv2%2Fmedia&parent=156360"}],"wp:term":[{"taxonomy":"category","embeddable":true,"href":"https:\/\/archive.sana.sy\/es\/index.php?rest_route=%2Fwp%2Fv2%2Fcategories&post=156360"},{"taxonomy":"post_tag","embeddable":true,"href":"https:\/\/archive.sana.sy\/es\/index.php?rest_route=%2Fwp%2Fv2%2Ftags&post=156360"}],"curies":[{"name":"wp","href":"https:\/\/api.w.org\/{rel}","templated":true}]}}