{"id":156509,"date":"2020-10-20T14:12:49","date_gmt":"2020-10-20T11:12:49","guid":{"rendered":"http:\/\/107.6.182.27\/es\/?p=156509"},"modified":"2020-10-20T20:59:31","modified_gmt":"2020-10-20T17:59:31","slug":"educacion-de-hasakeh-toma-nuevas-medidas-despues-de-que-la-milicia-de-las-fds-ocupara-mayoria-de-escuelas-de-la-provincia","status":"publish","type":"post","link":"https:\/\/archive.sana.sy\/es\/?p=156509","title":{"rendered":"Educaci\u00f3n de Hasakeh toma nuevas medidas despu\u00e9s de que milicia de las FDS ocupara mayor\u00eda de escuelas de la provincia"},"content":{"rendered":"<p style=\"text-align: justify\"><span style=\"color: #800000\">Hasakeh, SANA<\/span><\/p>\n<p style=\"text-align: justify\">La milicia pro estadounidenses Fuerzas Democr\u00e1ticas Sirias (FDS) contin\u00faa sus pr\u00e1cticas que privan a miles de ni\u00f1os y j\u00f3venes de la educaci\u00f3n en la provincia de Hasakeh.<\/p>\n<p style=\"text-align: justify\">Despu\u00e9s de que dicha milicia ocupara alrededor del 93 por ciento de las escuelas en la provincia nororiental, la Direcci\u00f3n de Educaci\u00f3n de Hasakeh decidi\u00f3 reaccionar para reducir la presi\u00f3n sobre los colegios p\u00fablicos, y decidi\u00f3 conceder licencias de trabajo temporales a nuevos planteles educativos privados.<\/p>\n<p style=\"text-align: justify\">En este contexto, la directora provincial de educaci\u00f3n, Ilham Sorokhan, explica que su entidad concedi\u00f3 16 licencias temporales a escuelas privadas en la ciudad de Hasakeh, las cuales dan cabida a nueve mil 500 alumnos.<\/p>\n<p style=\"text-align: justify\">Asimismo, destac\u00f3 que una escuela prefabricada fue puesta en servicio en colaboraci\u00f3n con el UNICEF.<\/p>\n<p style=\"text-align: justify\">Cabe recordar que la milicia intenta sin descanso impedir el acceso de los alumnos a las escuelas p\u00fablicas como parte de su plan de imponer su tendencia separatista que sirve s\u00f3lo a los esquemas de Washington.<\/p>\n<p style=\"text-align: justify\"><span style=\"color: #0000ff\"><em>la\/fm<\/em><\/span><\/p>\n","protected":false},"excerpt":{"rendered":"<p>Hasakeh, SANA La milicia pro estadounidenses Fuerzas Democr\u00e1ticas Sirias (FDS) contin\u00faa sus pr\u00e1cticas que privan a miles de ni\u00f1os y j\u00f3venes de la educaci\u00f3n en la provincia de Hasakeh. Despu\u00e9s de que dicha milicia ocupara alrededor del 93 por ciento de las escuelas en la provincia nororiental, la Direcci\u00f3n de Educaci\u00f3n de Hasakeh decidi\u00f3 reaccionar &hellip;<\/p>\n","protected":false},"author":24,"featured_media":156510,"comment_status":"closed","ping_status":"closed","sticky":false,"template":"","format":"standard","meta":{"footnotes":""},"categories":[597,476,7541],"tags":[],"class_list":["post-156509","post","type-post","status-publish","format-standard","has-post-thumbnail","","category-cinta-de-noticias","category-locales","category-ultimas-noticias"],"_links":{"self":[{"href":"https:\/\/archive.sana.sy\/es\/index.php?rest_route=\/wp\/v2\/posts\/156509"}],"collection":[{"href":"https:\/\/archive.sana.sy\/es\/index.php?rest_route=\/wp\/v2\/posts"}],"about":[{"href":"https:\/\/archive.sana.sy\/es\/index.php?rest_route=\/wp\/v2\/types\/post"}],"author":[{"embeddable":true,"href":"https:\/\/archive.sana.sy\/es\/index.php?rest_route=\/wp\/v2\/users\/24"}],"replies":[{"embeddable":true,"href":"https:\/\/archive.sana.sy\/es\/index.php?rest_route=%2Fwp%2Fv2%2Fcomments&post=156509"}],"version-history":[{"count":0,"href":"https:\/\/archive.sana.sy\/es\/index.php?rest_route=\/wp\/v2\/posts\/156509\/revisions"}],"wp:featuredmedia":[{"embeddable":true,"href":"https:\/\/archive.sana.sy\/es\/index.php?rest_route=\/wp\/v2\/media\/156510"}],"wp:attachment":[{"href":"https:\/\/archive.sana.sy\/es\/index.php?rest_route=%2Fwp%2Fv2%2Fmedia&parent=156509"}],"wp:term":[{"taxonomy":"category","embeddable":true,"href":"https:\/\/archive.sana.sy\/es\/index.php?rest_route=%2Fwp%2Fv2%2Fcategories&post=156509"},{"taxonomy":"post_tag","embeddable":true,"href":"https:\/\/archive.sana.sy\/es\/index.php?rest_route=%2Fwp%2Fv2%2Ftags&post=156509"}],"curies":[{"name":"wp","href":"https:\/\/api.w.org\/{rel}","templated":true}]}}