{"id":156524,"date":"2020-10-21T07:01:07","date_gmt":"2020-10-21T04:01:07","guid":{"rendered":"http:\/\/107.6.182.27\/es\/?p=156524"},"modified":"2023-01-12T14:42:52","modified_gmt":"2023-01-12T12:42:52","slug":"nuevos-ataques-israelies-contra-khan-yunis-y-deir-al-balah-en-gaza","status":"publish","type":"post","link":"https:\/\/archive.sana.sy\/es\/?p=156524","title":{"rendered":"Nuevos ataques israel\u00edes contra Khan Yunis y Deir Al-Balah en Gaza"},"content":{"rendered":"<p style=\"text-align: justify;\"><span style=\"color: #800000;\"><strong>Jerusal\u00e9n ocupada, SANA<\/strong><\/span><\/p>\n<p style=\"text-align: justify;\">Aviones de combate del ocupante israel\u00ed lanzaron una nueva agresi\u00f3n contra la Franja de Gaza.<\/p>\n<p style=\"text-align: justify;\">Seg\u00fan difundi\u00f3 la agencia de noticias Wafa, los aviones sionistas dispararon varios misiles contra el este de Khan Yunis, en el sur de la Franja, y la ciudad de Deir Al-Balah en el centro del Sector.<\/p>\n<p style=\"text-align: justify;\">Indic\u00f3 que las incursiones provocaron da\u00f1os materiales masivos en viviendas y propiedades palestinas.<\/p>\n<p style=\"text-align: justify;\">El ocupante sionista lanza ataques diarios con aviaci\u00f3n y artiller\u00eda contra la sitiada Franja de Gaza, causando la muerte y heridas a cientos de palestinos, adem\u00e1s de provocar grandes da\u00f1os en la infraestructura.<\/p>\n<p style=\"text-align: justify;\"><strong><span style=\"color: #0000ff;\">fm<\/span><\/strong><\/p>\n","protected":false},"excerpt":{"rendered":"<p>Jerusal\u00e9n ocupada, SANA Aviones de combate del ocupante israel\u00ed lanzaron una nueva agresi\u00f3n contra la Franja de Gaza. Seg\u00fan difundi\u00f3 la agencia de noticias Wafa, los aviones sionistas dispararon varios misiles contra el este de Khan Yunis, en el sur de la Franja, y la ciudad de Deir Al-Balah en el centro del Sector. Indic\u00f3 &hellip;<\/p>\n","protected":false},"author":34,"featured_media":156525,"comment_status":"closed","ping_status":"closed","sticky":false,"template":"","format":"standard","meta":{"footnotes":""},"categories":[597,456,7541],"tags":[],"class_list":["post-156524","post","type-post","status-publish","format-standard","has-post-thumbnail","","category-cinta-de-noticias","category-arabe-internacional-politica","category-ultimas-noticias"],"_links":{"self":[{"href":"https:\/\/archive.sana.sy\/es\/index.php?rest_route=\/wp\/v2\/posts\/156524"}],"collection":[{"href":"https:\/\/archive.sana.sy\/es\/index.php?rest_route=\/wp\/v2\/posts"}],"about":[{"href":"https:\/\/archive.sana.sy\/es\/index.php?rest_route=\/wp\/v2\/types\/post"}],"author":[{"embeddable":true,"href":"https:\/\/archive.sana.sy\/es\/index.php?rest_route=\/wp\/v2\/users\/34"}],"replies":[{"embeddable":true,"href":"https:\/\/archive.sana.sy\/es\/index.php?rest_route=%2Fwp%2Fv2%2Fcomments&post=156524"}],"version-history":[{"count":0,"href":"https:\/\/archive.sana.sy\/es\/index.php?rest_route=\/wp\/v2\/posts\/156524\/revisions"}],"wp:featuredmedia":[{"embeddable":true,"href":"https:\/\/archive.sana.sy\/es\/index.php?rest_route=\/wp\/v2\/media\/156525"}],"wp:attachment":[{"href":"https:\/\/archive.sana.sy\/es\/index.php?rest_route=%2Fwp%2Fv2%2Fmedia&parent=156524"}],"wp:term":[{"taxonomy":"category","embeddable":true,"href":"https:\/\/archive.sana.sy\/es\/index.php?rest_route=%2Fwp%2Fv2%2Fcategories&post=156524"},{"taxonomy":"post_tag","embeddable":true,"href":"https:\/\/archive.sana.sy\/es\/index.php?rest_route=%2Fwp%2Fv2%2Ftags&post=156524"}],"curies":[{"name":"wp","href":"https:\/\/api.w.org\/{rel}","templated":true}]}}