{"id":156540,"date":"2020-10-21T10:28:03","date_gmt":"2020-10-21T07:28:03","guid":{"rendered":"http:\/\/107.6.182.27\/es\/?p=156540"},"modified":"2023-01-12T14:42:52","modified_gmt":"2023-01-12T12:42:52","slug":"muere-un-policia-tras-ser-baleado-en-ee-uu","status":"publish","type":"post","link":"https:\/\/archive.sana.sy\/es\/?p=156540","title":{"rendered":"Muere un polic\u00eda tras ser baleado en EE.UU."},"content":{"rendered":"<p style=\"text-align: justify;\"><strong><span style=\"color: #800000;\">Houston, SANA<\/span> <\/strong><\/p>\n<p style=\"text-align: justify;\">Un polic\u00eda estadounidense muri\u00f3 y otro result\u00f3 herido en un tiroteo en el suroeste de Houston, la capital del estado estadounidense de Texas.<\/p>\n<p style=\"text-align: justify;\">Seg\u00fan declaraciones de las autoridades estadounidenses, el tiroteo se produjo cuando los agentes de polic\u00eda llegaron a un lugar donde hubo denuncia de violencia dom\u00e9stica.<\/p>\n<p style=\"text-align: justify;\">Agregaron que el sospechoso fue arrestado y trasladado al hospital tras recibir heridas.<br \/>\nLos incidentes con disparos son comunes en Estados Unidos debido a la violencia y la facilidad de posesi\u00f3n de armas de fuego.<\/p>\n<p style=\"text-align: justify;\"><span style=\"color: #0000ff;\"><strong>ws\/fm<\/strong><\/span><\/p>\n","protected":false},"excerpt":{"rendered":"<p>Houston, SANA Un polic\u00eda estadounidense muri\u00f3 y otro result\u00f3 herido en un tiroteo en el suroeste de Houston, la capital del estado estadounidense de Texas. Seg\u00fan declaraciones de las autoridades estadounidenses, el tiroteo se produjo cuando los agentes de polic\u00eda llegaron a un lugar donde hubo denuncia de violencia dom\u00e9stica. Agregaron que el sospechoso fue &hellip;<\/p>\n","protected":false},"author":35,"featured_media":156541,"comment_status":"closed","ping_status":"closed","sticky":false,"template":"","format":"standard","meta":{"footnotes":""},"categories":[597,456],"tags":[],"class_list":["post-156540","post","type-post","status-publish","format-standard","has-post-thumbnail","","category-cinta-de-noticias","category-arabe-internacional-politica"],"_links":{"self":[{"href":"https:\/\/archive.sana.sy\/es\/index.php?rest_route=\/wp\/v2\/posts\/156540"}],"collection":[{"href":"https:\/\/archive.sana.sy\/es\/index.php?rest_route=\/wp\/v2\/posts"}],"about":[{"href":"https:\/\/archive.sana.sy\/es\/index.php?rest_route=\/wp\/v2\/types\/post"}],"author":[{"embeddable":true,"href":"https:\/\/archive.sana.sy\/es\/index.php?rest_route=\/wp\/v2\/users\/35"}],"replies":[{"embeddable":true,"href":"https:\/\/archive.sana.sy\/es\/index.php?rest_route=%2Fwp%2Fv2%2Fcomments&post=156540"}],"version-history":[{"count":0,"href":"https:\/\/archive.sana.sy\/es\/index.php?rest_route=\/wp\/v2\/posts\/156540\/revisions"}],"wp:featuredmedia":[{"embeddable":true,"href":"https:\/\/archive.sana.sy\/es\/index.php?rest_route=\/wp\/v2\/media\/156541"}],"wp:attachment":[{"href":"https:\/\/archive.sana.sy\/es\/index.php?rest_route=%2Fwp%2Fv2%2Fmedia&parent=156540"}],"wp:term":[{"taxonomy":"category","embeddable":true,"href":"https:\/\/archive.sana.sy\/es\/index.php?rest_route=%2Fwp%2Fv2%2Fcategories&post=156540"},{"taxonomy":"post_tag","embeddable":true,"href":"https:\/\/archive.sana.sy\/es\/index.php?rest_route=%2Fwp%2Fv2%2Ftags&post=156540"}],"curies":[{"name":"wp","href":"https:\/\/api.w.org\/{rel}","templated":true}]}}