{"id":15658,"date":"2015-01-07T20:11:56","date_gmt":"2015-01-07T18:11:56","guid":{"rendered":"http:\/\/www.sana.sy\/es\/?p=15658"},"modified":"2015-01-07T20:11:56","modified_gmt":"2015-01-07T18:11:56","slug":"hollande-admite-que-francia-suministro-armas-a-los-terroristas-en-siria","status":"publish","type":"post","link":"https:\/\/archive.sana.sy\/es\/?p=15658","title":{"rendered":"Hollande admite que Francia suministr\u00f3 armas a los terroristas en Siria"},"content":{"rendered":"<p style=\"text-align: justify\"><span style=\"color: #800000\">Par\u00eds, SANA<\/span><\/p>\n<p style=\"text-align: justify\">El m\u00e1s impopular de la historia entre los presidentes de Francia, Francois Hollande, en una entrevista con el diario franc\u00e9s \u00abVingt Minutos\u00bb se jact\u00f3 de que hace unos meses, Francia aprob\u00f3 un env\u00edo de armas a las pandillas terroristas en Siria.<\/p>\n<p style=\"text-align: justify\">Hollande les llama &#8220;revolucionarios sirios&#8221; a los miembros de estas organizaciones terroristas, haciendo caso omiso de los cr\u00edmenes que se cometen contra la poblaci\u00f3n civil, as\u00ed como la Resoluci\u00f3n 2170 del Consejo de Seguridad de las Naciones Unidas sobre la lucha contra el terrorismo.<\/p>\n<p style=\"text-align: justify\">Cabe se\u00f1alar que la propagaci\u00f3n de este peligroso fen\u00f3meno en Siria, Irak, L\u00edbano y en todo Oriente Medio contribuy\u00f3 al hecho de que los grupos terroristas est\u00e1n armados y generosamente financiados por Estados Unidos, Francia y sus partidarios en la regi\u00f3n.<\/p>\n<p style=\"text-align: justify\"><span style=\"color: #0000ff\">Ghifar Al Ali<\/span><\/p>\n","protected":false},"excerpt":{"rendered":"<p>Par\u00eds, SANA El m\u00e1s impopular de la historia entre los presidentes de Francia, Francois Hollande, en una entrevista con el diario franc\u00e9s \u00abVingt Minutos\u00bb se jact\u00f3 de que hace unos meses, Francia aprob\u00f3 un env\u00edo de armas a las pandillas terroristas en Siria. Hollande les llama &#8220;revolucionarios sirios&#8221; a los miembros de estas organizaciones terroristas, &hellip;<\/p>\n","protected":false},"author":1,"featured_media":15659,"comment_status":"closed","ping_status":"closed","sticky":false,"template":"","format":"standard","meta":{"footnotes":""},"categories":[597,456,457,576],"tags":[3534],"class_list":["post-15658","post","type-post","status-publish","format-standard","has-post-thumbnail","","category-cinta-de-noticias","category-arabe-internacional-politica","category-noticias-arabe-internacional-politica","category-noticias-politicas","tag-hollande-admite-que-francia-suministro-armas-a-los-terroristas-en-siria"],"_links":{"self":[{"href":"https:\/\/archive.sana.sy\/es\/index.php?rest_route=\/wp\/v2\/posts\/15658"}],"collection":[{"href":"https:\/\/archive.sana.sy\/es\/index.php?rest_route=\/wp\/v2\/posts"}],"about":[{"href":"https:\/\/archive.sana.sy\/es\/index.php?rest_route=\/wp\/v2\/types\/post"}],"author":[{"embeddable":true,"href":"https:\/\/archive.sana.sy\/es\/index.php?rest_route=\/wp\/v2\/users\/1"}],"replies":[{"embeddable":true,"href":"https:\/\/archive.sana.sy\/es\/index.php?rest_route=%2Fwp%2Fv2%2Fcomments&post=15658"}],"version-history":[{"count":0,"href":"https:\/\/archive.sana.sy\/es\/index.php?rest_route=\/wp\/v2\/posts\/15658\/revisions"}],"wp:featuredmedia":[{"embeddable":true,"href":"https:\/\/archive.sana.sy\/es\/index.php?rest_route=\/wp\/v2\/media\/15659"}],"wp:attachment":[{"href":"https:\/\/archive.sana.sy\/es\/index.php?rest_route=%2Fwp%2Fv2%2Fmedia&parent=15658"}],"wp:term":[{"taxonomy":"category","embeddable":true,"href":"https:\/\/archive.sana.sy\/es\/index.php?rest_route=%2Fwp%2Fv2%2Fcategories&post=15658"},{"taxonomy":"post_tag","embeddable":true,"href":"https:\/\/archive.sana.sy\/es\/index.php?rest_route=%2Fwp%2Fv2%2Ftags&post=15658"}],"curies":[{"name":"wp","href":"https:\/\/api.w.org\/{rel}","templated":true}]}}