{"id":15662,"date":"2015-01-07T20:32:03","date_gmt":"2015-01-07T18:32:03","guid":{"rendered":"http:\/\/www.sana.sy\/es\/?p=15662"},"modified":"2015-01-07T20:32:03","modified_gmt":"2015-01-07T18:32:03","slug":"mueren-once-personas-en-paris-en-ataque-armado-contra-un-periodico-satirico","status":"publish","type":"post","link":"https:\/\/archive.sana.sy\/es\/?p=15662","title":{"rendered":"Mueren once personas en Par\u00eds en ataque armado contra un peri\u00f3dico sat\u00edrico"},"content":{"rendered":"<p style=\"text-align: justify\"><span style=\"color: #800000\">Par\u00eds, SANA<\/span><\/p>\n<p style=\"text-align: justify\">En el centro de Par\u00eds, 11 personas, entre ellas dos polic\u00edas, murieron en un ataque armado con una ametralladora y mortero que se dirigi\u00f3 contra el diario franc\u00e9s \u00abCharlie Hebdo\u00bb.<\/p>\n<p style=\"text-align: justify\">Seg\u00fan lo informado por la AFP, el presidente franc\u00e9s, Francois Hollande, describi\u00f3 el ataque como &#8220;extremadamente cruel&#8221;, llamando a la &#8220;unidad&#8221; tras el ataque contra el diario franc\u00e9s.<\/p>\n<p style=\"text-align: justify\">Una fuente cercana a la investigaci\u00f3n dijo que dos hombres enmascarados y armados irrumpieron en el semanario \u00abCharlie Hebdo\u00bb en el distrito 11 de Par\u00eds, donde se produjo enfrentamiento con fuego con la fuerza de seguridad.<\/p>\n<p style=\"text-align: justify\"><span style=\"color: #0000ff\">Ghifar Al Ali<\/span><\/p>\n","protected":false},"excerpt":{"rendered":"<p>Par\u00eds, SANA En el centro de Par\u00eds, 11 personas, entre ellas dos polic\u00edas, murieron en un ataque armado con una ametralladora y mortero que se dirigi\u00f3 contra el diario franc\u00e9s \u00abCharlie Hebdo\u00bb. Seg\u00fan lo informado por la AFP, el presidente franc\u00e9s, Francois Hollande, describi\u00f3 el ataque como &#8220;extremadamente cruel&#8221;, llamando a la &#8220;unidad&#8221; tras el &hellip;<\/p>\n","protected":false},"author":1,"featured_media":15663,"comment_status":"closed","ping_status":"closed","sticky":false,"template":"","format":"standard","meta":{"footnotes":""},"categories":[597,456,457,576],"tags":[3535],"class_list":["post-15662","post","type-post","status-publish","format-standard","has-post-thumbnail","","category-cinta-de-noticias","category-arabe-internacional-politica","category-noticias-arabe-internacional-politica","category-noticias-politicas","tag-mueren-once-personas-en-paris-en-un-ataque-armado-contra-el-director-de-un-periodico-satirico"],"_links":{"self":[{"href":"https:\/\/archive.sana.sy\/es\/index.php?rest_route=\/wp\/v2\/posts\/15662"}],"collection":[{"href":"https:\/\/archive.sana.sy\/es\/index.php?rest_route=\/wp\/v2\/posts"}],"about":[{"href":"https:\/\/archive.sana.sy\/es\/index.php?rest_route=\/wp\/v2\/types\/post"}],"author":[{"embeddable":true,"href":"https:\/\/archive.sana.sy\/es\/index.php?rest_route=\/wp\/v2\/users\/1"}],"replies":[{"embeddable":true,"href":"https:\/\/archive.sana.sy\/es\/index.php?rest_route=%2Fwp%2Fv2%2Fcomments&post=15662"}],"version-history":[{"count":0,"href":"https:\/\/archive.sana.sy\/es\/index.php?rest_route=\/wp\/v2\/posts\/15662\/revisions"}],"wp:featuredmedia":[{"embeddable":true,"href":"https:\/\/archive.sana.sy\/es\/index.php?rest_route=\/wp\/v2\/media\/15663"}],"wp:attachment":[{"href":"https:\/\/archive.sana.sy\/es\/index.php?rest_route=%2Fwp%2Fv2%2Fmedia&parent=15662"}],"wp:term":[{"taxonomy":"category","embeddable":true,"href":"https:\/\/archive.sana.sy\/es\/index.php?rest_route=%2Fwp%2Fv2%2Fcategories&post=15662"},{"taxonomy":"post_tag","embeddable":true,"href":"https:\/\/archive.sana.sy\/es\/index.php?rest_route=%2Fwp%2Fv2%2Ftags&post=15662"}],"curies":[{"name":"wp","href":"https:\/\/api.w.org\/{rel}","templated":true}]}}