{"id":156742,"date":"2020-10-22T17:44:37","date_gmt":"2020-10-22T14:44:37","guid":{"rendered":"http:\/\/107.6.182.27\/es\/?p=156742"},"modified":"2023-01-12T14:42:51","modified_gmt":"2023-01-12T12:42:51","slug":"servicio-de-seguridad-ruso-frustra-un-atentado-terrorista-en-moscu","status":"publish","type":"post","link":"https:\/\/archive.sana.sy\/es\/?p=156742","title":{"rendered":"Servicio de seguridad ruso frustra un atentado terrorista en Mosc\u00fa"},"content":{"rendered":"<p style=\"text-align: justify;\"><strong><span style=\"color: #800000;\">Mosc\u00fa, SANA<\/span><\/strong><\/p>\n<p style=\"text-align: justify;\">El servicio de seguridad ruso frustr\u00f3 un atentado que iba a ser perpetrado en la capital Mosc\u00fa, inform\u00f3 el Servicio Federal de Seguridad ruso.<\/p>\n<p style=\"text-align: justify;\">\u201cUn hombre fue arrestado mientras preparaba perpetrar un ataque terrorista en un edificio gubernamental en Mosc\u00fa, utilizando una bomba y cumpliendo \u00f3rdenes de organizaciones terroristas internacionales\u201d, inform\u00f3 TASS citando a la oficina de prensa del Servicio Federal de Seguridad.<\/p>\n<p style=\"text-align: justify;\">En septiembre pasado, Rusia arrest\u00f3 a 13 terroristas que planeaban cometer operaciones terroristas en lugares p\u00fablicos, centros de seguridad interna y reuniones de estudiantes durante la apertura de escuelas en toda Rusia.<\/p>\n<p style=\"text-align: justify;\"><strong><span style=\"color: #0000ff;\">ed\/fm<\/span><\/strong><\/p>\n","protected":false},"excerpt":{"rendered":"<p>Mosc\u00fa, SANA El servicio de seguridad ruso frustr\u00f3 un atentado que iba a ser perpetrado en la capital Mosc\u00fa, inform\u00f3 el Servicio Federal de Seguridad ruso. \u201cUn hombre fue arrestado mientras preparaba perpetrar un ataque terrorista en un edificio gubernamental en Mosc\u00fa, utilizando una bomba y cumpliendo \u00f3rdenes de organizaciones terroristas internacionales\u201d, inform\u00f3 TASS citando &hellip;<\/p>\n","protected":false},"author":32,"featured_media":156743,"comment_status":"closed","ping_status":"closed","sticky":false,"template":"","format":"standard","meta":{"footnotes":""},"categories":[597,456],"tags":[],"class_list":["post-156742","post","type-post","status-publish","format-standard","has-post-thumbnail","","category-cinta-de-noticias","category-arabe-internacional-politica"],"_links":{"self":[{"href":"https:\/\/archive.sana.sy\/es\/index.php?rest_route=\/wp\/v2\/posts\/156742"}],"collection":[{"href":"https:\/\/archive.sana.sy\/es\/index.php?rest_route=\/wp\/v2\/posts"}],"about":[{"href":"https:\/\/archive.sana.sy\/es\/index.php?rest_route=\/wp\/v2\/types\/post"}],"author":[{"embeddable":true,"href":"https:\/\/archive.sana.sy\/es\/index.php?rest_route=\/wp\/v2\/users\/32"}],"replies":[{"embeddable":true,"href":"https:\/\/archive.sana.sy\/es\/index.php?rest_route=%2Fwp%2Fv2%2Fcomments&post=156742"}],"version-history":[{"count":0,"href":"https:\/\/archive.sana.sy\/es\/index.php?rest_route=\/wp\/v2\/posts\/156742\/revisions"}],"wp:featuredmedia":[{"embeddable":true,"href":"https:\/\/archive.sana.sy\/es\/index.php?rest_route=\/wp\/v2\/media\/156743"}],"wp:attachment":[{"href":"https:\/\/archive.sana.sy\/es\/index.php?rest_route=%2Fwp%2Fv2%2Fmedia&parent=156742"}],"wp:term":[{"taxonomy":"category","embeddable":true,"href":"https:\/\/archive.sana.sy\/es\/index.php?rest_route=%2Fwp%2Fv2%2Fcategories&post=156742"},{"taxonomy":"post_tag","embeddable":true,"href":"https:\/\/archive.sana.sy\/es\/index.php?rest_route=%2Fwp%2Fv2%2Ftags&post=156742"}],"curies":[{"name":"wp","href":"https:\/\/api.w.org\/{rel}","templated":true}]}}