{"id":156746,"date":"2020-10-22T19:18:01","date_gmt":"2020-10-22T16:18:01","guid":{"rendered":"http:\/\/107.6.182.27\/es\/?p=156746"},"modified":"2020-10-22T19:31:16","modified_gmt":"2020-10-22T16:31:16","slug":"presidente-al-assad-acepta-credenciales-de-los-embajadores-de-pakistan-y-oman","status":"publish","type":"post","link":"https:\/\/archive.sana.sy\/es\/?p=156746","title":{"rendered":"Presidente Al-Assad acepta credenciales de los embajadores de Pakist\u00e1n y Om\u00e1n"},"content":{"rendered":"<p style=\"text-align: justify;\"><span style=\"color: #800000;\"><strong>Damasco, SANA<\/strong><\/span><\/p>\n<p style=\"text-align: justify;\">El Presidente Bashar Al-Assad, acept\u00f3 las cartas credenciales de los nuevos embajadores de Pakist\u00e1n y del Sultanato de Om\u00e1n ante Siria, el Se\u00f1or Saed Mohamad Khan, y Turki Bin Mahmoud Albusaedi, respectivamente.<\/p>\n<p style=\"text-align: justify;\">A continuaci\u00f3n, el presidente Al-Assad recibi\u00f3 por separado a los dos embajadores y les dese\u00f3 \u00e9xito en sus misiones diplom\u00e1ticas.<\/p>\n<p style=\"text-align: justify;\">La ceremonia de presentaci\u00f3n de las credenciales cont\u00f3 con la presencia del viceprimer ministro y ministro de Exteriores y de Expatriados, Walid Al-Molaem, y Mansour Azzam, ministro de Asuntos de la Presidencia de la Rep\u00fablica.<\/p>\n<p style=\"text-align: justify;\"><strong><span style=\"color: #0000ff;\">yk\/fm\/ah<\/span><\/strong><\/p>\n","protected":false},"excerpt":{"rendered":"<p>Damasco, SANA El Presidente Bashar Al-Assad, acept\u00f3 las cartas credenciales de los nuevos embajadores de Pakist\u00e1n y del Sultanato de Om\u00e1n ante Siria, el Se\u00f1or Saed Mohamad Khan, y Turki Bin Mahmoud Albusaedi, respectivamente. A continuaci\u00f3n, el presidente Al-Assad recibi\u00f3 por separado a los dos embajadores y les dese\u00f3 \u00e9xito en sus misiones diplom\u00e1ticas. La &hellip;<\/p>\n","protected":false},"author":1,"featured_media":156747,"comment_status":"closed","ping_status":"closed","sticky":false,"template":"","format":"standard","meta":{"footnotes":""},"categories":[597,583,626],"tags":[18411],"class_list":["post-156746","post","type-post","status-publish","format-standard","has-post-thumbnail","","category-cinta-de-noticias","category-slide","category-sr-presidente","tag-presidente-al-assad-acepta-credenciales-de-los-embajadores-de-pakistan-y-oman"],"_links":{"self":[{"href":"https:\/\/archive.sana.sy\/es\/index.php?rest_route=\/wp\/v2\/posts\/156746"}],"collection":[{"href":"https:\/\/archive.sana.sy\/es\/index.php?rest_route=\/wp\/v2\/posts"}],"about":[{"href":"https:\/\/archive.sana.sy\/es\/index.php?rest_route=\/wp\/v2\/types\/post"}],"author":[{"embeddable":true,"href":"https:\/\/archive.sana.sy\/es\/index.php?rest_route=\/wp\/v2\/users\/1"}],"replies":[{"embeddable":true,"href":"https:\/\/archive.sana.sy\/es\/index.php?rest_route=%2Fwp%2Fv2%2Fcomments&post=156746"}],"version-history":[{"count":0,"href":"https:\/\/archive.sana.sy\/es\/index.php?rest_route=\/wp\/v2\/posts\/156746\/revisions"}],"wp:featuredmedia":[{"embeddable":true,"href":"https:\/\/archive.sana.sy\/es\/index.php?rest_route=\/wp\/v2\/media\/156747"}],"wp:attachment":[{"href":"https:\/\/archive.sana.sy\/es\/index.php?rest_route=%2Fwp%2Fv2%2Fmedia&parent=156746"}],"wp:term":[{"taxonomy":"category","embeddable":true,"href":"https:\/\/archive.sana.sy\/es\/index.php?rest_route=%2Fwp%2Fv2%2Fcategories&post=156746"},{"taxonomy":"post_tag","embeddable":true,"href":"https:\/\/archive.sana.sy\/es\/index.php?rest_route=%2Fwp%2Fv2%2Ftags&post=156746"}],"curies":[{"name":"wp","href":"https:\/\/api.w.org\/{rel}","templated":true}]}}