{"id":15684,"date":"2015-01-08T12:15:57","date_gmt":"2015-01-08T10:15:57","guid":{"rendered":"http:\/\/www.sana.sy\/es\/?p=15684"},"modified":"2015-01-10T13:33:10","modified_gmt":"2015-01-10T11:33:10","slug":"nieve-de-un-metro-de-altura-en-quneitra-damasco-y-las-demas-provincias-del-pais-se-cubren-de-blanco","status":"publish","type":"post","link":"https:\/\/archive.sana.sy\/es\/?p=15684","title":{"rendered":"Espesor de la nieve supera los dos metros en Sweida. Damasco y las dem\u00e1s provincias del pa\u00eds se cubren de blanco"},"content":{"rendered":"<div><span lang=\"ES-TRAD\" style=\"color: #ff0000\">Damasco, SANA<\/span><\/div>\n<div><\/div>\n<div>\n<div><span lang=\"ES-TRAD\">La ciudad de Damasco se despert\u00f3 este jueves cubierta de nieve.<\/span><\/div>\n<div><span lang=\"ES-TRAD\">La nieve ha cubierto las calles y las carreteras principales, lo cual llev\u00f3 a la gobernaci\u00f3n a movilizar sus veh\u00edculos para la apertura de las v\u00edas.<\/span><\/div>\n<\/div>\n<div><a href=\"http:\/\/www.sana.sy\/es\/wp-content\/uploads\/2015\/01\/NAVE.jpg\"><img loading=\"lazy\" decoding=\"async\" class=\"alignnone size-medium wp-image-15687\" src=\"http:\/\/www.sana.sy\/es\/wp-content\/uploads\/2015\/01\/NAVE-206x300.jpg\" alt=\"NAVE\" width=\"206\" height=\"300\" srcset=\"https:\/\/archive.sana.sy\/es\/wp-content\/uploads\/2015\/01\/NAVE-206x300.jpg 206w, https:\/\/archive.sana.sy\/es\/wp-content\/uploads\/2015\/01\/NAVE-103x150.jpg 103w, https:\/\/archive.sana.sy\/es\/wp-content\/uploads\/2015\/01\/NAVE.jpg 310w\" sizes=\"(max-width: 206px) 100vw, 206px\" \/><\/a><\/div>\n<div><\/div>\n<div><span lang=\"ES-TRAD\">La nieve en Damasco lleg\u00f3 a 20 cm de altura, mientras en las zonas al oeste de Damasco y Qalamoun superaron el medio metro de altura.<\/span><\/div>\n<div><span lang=\"ES-TRAD\">En la provincia de Quneitra, la altura de la nieve super\u00f3 el metro, llegando en algunos poblados del monte Herm\u00f3n a 180 cm de espesor.<\/span><\/div>\n<div><\/div>\n<p>&nbsp;<\/p>\n<div><a href=\"http:\/\/www.sana.sy\/es\/wp-content\/uploads\/2015\/01\/NIVVVOOO.jpg\"><img loading=\"lazy\" decoding=\"async\" class=\"alignnone size-medium wp-image-15688\" src=\"http:\/\/www.sana.sy\/es\/wp-content\/uploads\/2015\/01\/NIVVVOOO-300x199.jpg\" alt=\"NIVVVOOO\" width=\"300\" height=\"199\" srcset=\"https:\/\/archive.sana.sy\/es\/wp-content\/uploads\/2015\/01\/NIVVVOOO-300x199.jpg 300w, https:\/\/archive.sana.sy\/es\/wp-content\/uploads\/2015\/01\/NIVVVOOO-150x99.jpg 150w, https:\/\/archive.sana.sy\/es\/wp-content\/uploads\/2015\/01\/NIVVVOOO.jpg 620w\" sizes=\"(max-width: 300px) 100vw, 300px\" \/><\/a><\/div>\n<div><\/div>\n<p><span lang=\"ES-TRAD\">La lluvia m\u00e1s fuerte se registr\u00f3 en Latakia con 155 mm.<\/span><\/p>\n<div><a href=\"http:\/\/www.sana.sy\/es\/wp-content\/uploads\/2015\/01\/NUUVE.jpg\"><img loading=\"lazy\" decoding=\"async\" class=\"alignnone size-medium wp-image-15685\" src=\"http:\/\/www.sana.sy\/es\/wp-content\/uploads\/2015\/01\/NUUVE-300x199.jpg\" alt=\"NUUVE\" width=\"300\" height=\"199\" srcset=\"https:\/\/archive.sana.sy\/es\/wp-content\/uploads\/2015\/01\/NUUVE-300x199.jpg 300w, https:\/\/archive.sana.sy\/es\/wp-content\/uploads\/2015\/01\/NUUVE-150x100.jpg 150w, https:\/\/archive.sana.sy\/es\/wp-content\/uploads\/2015\/01\/NUUVE.jpg 620w\" sizes=\"(max-width: 300px) 100vw, 300px\" \/><\/a><\/div>\n<div><\/div>\n<div>\n<div><span lang=\"ES-TRAD\">La lluvia y la nieve continuar\u00e1n este jueves pero con menos intensidad, y vuelven las temperaturas a descenderse el viernes y el s\u00e1bado, debido a la llegada de un frente fr\u00edo de origen popular.<\/span><\/div>\n<div><span lang=\"ES-TRAD\">Las temperaturas para los pr\u00f3ximos dos d\u00edas ser\u00e1n inferiores a sus promedios anuales con 9 grados, y las nevadas volver\u00e1n a azotar todas las provincias del pa\u00eds.<\/span><\/div>\n<\/div>\n<div><\/div>\n<div><span style=\"color: #00ccff\">Fady M., Hala B.<\/span><\/div>\n<div class=\"yj6qo ajU\">\n<div id=\":134\" class=\"ajR\"><img decoding=\"async\" class=\"ajT\" src=\"https:\/\/ssl.gstatic.com\/ui\/v1\/icons\/mail\/images\/cleardot.gif\" alt=\"\" \/><\/div>\n<\/div>\n","protected":false},"excerpt":{"rendered":"<p>Damasco, SANA La ciudad de Damasco se despert\u00f3 este jueves cubierta de nieve. La nieve ha cubierto las calles y las carreteras principales, lo cual llev\u00f3 a la gobernaci\u00f3n a movilizar sus veh\u00edculos para la apertura de las v\u00edas. La nieve en Damasco lleg\u00f3 a 20 cm de altura, mientras en las zonas al oeste &hellip;<\/p>\n","protected":false},"author":1,"featured_media":15686,"comment_status":"closed","ping_status":"closed","sticky":false,"template":"","format":"standard","meta":{"footnotes":""},"categories":[476],"tags":[3547,3542],"class_list":["post-15684","post","type-post","status-publish","format-standard","has-post-thumbnail","","category-locales","tag-espesor-de-la-nieve-supera-los-dos-metros-en-sweida-damasco-y-las-demas-provincias-del-pais-se-cubren-de-blanco","tag-nieve-de-un-metro-de-altura-en-quneitra-damasco-y-las-demas-provincias-del-pais-se-cubren-de-blanco"],"_links":{"self":[{"href":"https:\/\/archive.sana.sy\/es\/index.php?rest_route=\/wp\/v2\/posts\/15684"}],"collection":[{"href":"https:\/\/archive.sana.sy\/es\/index.php?rest_route=\/wp\/v2\/posts"}],"about":[{"href":"https:\/\/archive.sana.sy\/es\/index.php?rest_route=\/wp\/v2\/types\/post"}],"author":[{"embeddable":true,"href":"https:\/\/archive.sana.sy\/es\/index.php?rest_route=\/wp\/v2\/users\/1"}],"replies":[{"embeddable":true,"href":"https:\/\/archive.sana.sy\/es\/index.php?rest_route=%2Fwp%2Fv2%2Fcomments&post=15684"}],"version-history":[{"count":0,"href":"https:\/\/archive.sana.sy\/es\/index.php?rest_route=\/wp\/v2\/posts\/15684\/revisions"}],"wp:featuredmedia":[{"embeddable":true,"href":"https:\/\/archive.sana.sy\/es\/index.php?rest_route=\/wp\/v2\/media\/15686"}],"wp:attachment":[{"href":"https:\/\/archive.sana.sy\/es\/index.php?rest_route=%2Fwp%2Fv2%2Fmedia&parent=15684"}],"wp:term":[{"taxonomy":"category","embeddable":true,"href":"https:\/\/archive.sana.sy\/es\/index.php?rest_route=%2Fwp%2Fv2%2Fcategories&post=15684"},{"taxonomy":"post_tag","embeddable":true,"href":"https:\/\/archive.sana.sy\/es\/index.php?rest_route=%2Fwp%2Fv2%2Ftags&post=15684"}],"curies":[{"name":"wp","href":"https:\/\/api.w.org\/{rel}","templated":true}]}}