{"id":156881,"date":"2020-10-24T09:00:40","date_gmt":"2020-10-24T06:00:40","guid":{"rendered":"http:\/\/107.6.182.27\/es\/?p=156881"},"modified":"2023-01-12T14:42:50","modified_gmt":"2023-01-12T12:42:50","slug":"atacan-con-bomba-a-un-convoy-de-la-coalicion-internacional-en-el-sur-de-iraq","status":"publish","type":"post","link":"https:\/\/archive.sana.sy\/es\/?p=156881","title":{"rendered":"Atacan con bomba a un convoy de la Coalici\u00f3n Internacional en el sur de Iraq"},"content":{"rendered":"<p style=\"text-align: justify;\"><span style=\"color: #800000;\"><strong>Bagdad, SANA<\/strong><\/span><\/p>\n<p style=\"text-align: justify;\">Un artefacto explosivo estall\u00f3 hoy al paso de un convoy de las fuerzas de la Coalici\u00f3n Internacional en la provincia de Basora, en el sur de Iraq.<\/p>\n<p style=\"text-align: justify;\">El portal de noticias Al Sumarieh News cit\u00f3 a una fuente de seguridad diciendo que una bomba colocado al costado de la carretera tuvo como objetivo a un convoy de apoyo log\u00edstico de la Coalici\u00f3n Internacional en Basora, sin causar v\u00edctimas.<\/p>\n<p style=\"text-align: justify;\">Ataques similares tuvieron como objetivo las fuerzas de la coalici\u00f3n en Iraq durante los \u00faltimos meses, lo que provoc\u00f3 diferentes da\u00f1os y p\u00e9rdidas.<\/p>\n<p style=\"text-align: justify;\"><span style=\"color: #0000ff;\"><em><strong>fm<\/strong><\/em><\/span><\/p>\n","protected":false},"excerpt":{"rendered":"<p>Bagdad, SANA Un artefacto explosivo estall\u00f3 hoy al paso de un convoy de las fuerzas de la Coalici\u00f3n Internacional en la provincia de Basora, en el sur de Iraq. El portal de noticias Al Sumarieh News cit\u00f3 a una fuente de seguridad diciendo que una bomba colocado al costado de la carretera tuvo como objetivo &hellip;<\/p>\n","protected":false},"author":34,"featured_media":156882,"comment_status":"closed","ping_status":"closed","sticky":false,"template":"","format":"standard","meta":{"footnotes":""},"categories":[597,456,7541],"tags":[],"class_list":["post-156881","post","type-post","status-publish","format-standard","has-post-thumbnail","","category-cinta-de-noticias","category-arabe-internacional-politica","category-ultimas-noticias"],"_links":{"self":[{"href":"https:\/\/archive.sana.sy\/es\/index.php?rest_route=\/wp\/v2\/posts\/156881"}],"collection":[{"href":"https:\/\/archive.sana.sy\/es\/index.php?rest_route=\/wp\/v2\/posts"}],"about":[{"href":"https:\/\/archive.sana.sy\/es\/index.php?rest_route=\/wp\/v2\/types\/post"}],"author":[{"embeddable":true,"href":"https:\/\/archive.sana.sy\/es\/index.php?rest_route=\/wp\/v2\/users\/34"}],"replies":[{"embeddable":true,"href":"https:\/\/archive.sana.sy\/es\/index.php?rest_route=%2Fwp%2Fv2%2Fcomments&post=156881"}],"version-history":[{"count":0,"href":"https:\/\/archive.sana.sy\/es\/index.php?rest_route=\/wp\/v2\/posts\/156881\/revisions"}],"wp:featuredmedia":[{"embeddable":true,"href":"https:\/\/archive.sana.sy\/es\/index.php?rest_route=\/wp\/v2\/media\/156882"}],"wp:attachment":[{"href":"https:\/\/archive.sana.sy\/es\/index.php?rest_route=%2Fwp%2Fv2%2Fmedia&parent=156881"}],"wp:term":[{"taxonomy":"category","embeddable":true,"href":"https:\/\/archive.sana.sy\/es\/index.php?rest_route=%2Fwp%2Fv2%2Fcategories&post=156881"},{"taxonomy":"post_tag","embeddable":true,"href":"https:\/\/archive.sana.sy\/es\/index.php?rest_route=%2Fwp%2Fv2%2Ftags&post=156881"}],"curies":[{"name":"wp","href":"https:\/\/api.w.org\/{rel}","templated":true}]}}