{"id":156962,"date":"2020-10-25T21:10:06","date_gmt":"2020-10-25T18:10:06","guid":{"rendered":"http:\/\/107.6.182.27\/es\/?p=156962"},"modified":"2020-10-25T21:10:29","modified_gmt":"2020-10-25T18:10:29","slug":"mekdad-las-sanciones-impuestas-a-siria-por-ee-uu-y-la-ue-son-inhumanas-e-inmorales","status":"publish","type":"post","link":"https:\/\/archive.sana.sy\/es\/?p=156962","title":{"rendered":"Mekdad: las sanciones impuestas a Siria por EE.UU y la UE son inhumanas e inmorales"},"content":{"rendered":"<p style=\"text-align: justify\"><span style=\"color: #800000\"><strong>Damasco, SANA<\/strong><\/span><\/p>\n<p style=\"text-align: justify\">El Viceministro de Exteriores y Emigrantes, Faisal Mekdad, recibi\u00f3 hoy al Director Regional de la Organizaci\u00f3n Mundial de la Salud (OMS) para el Mediterr\u00e1neo Oriental, Ahmed Al-Mandhari, y al representante de la OMS en Siria, Akmal Makhtomova.<\/p>\n<p style=\"text-align: justify\">Durante el encuentro sostenido en la sede de la canciller\u00eda siria, Mekdad destac\u00f3 la importancia de consolidar la cooperaci\u00f3n entre el gobierno sirio y la OMS, especialmente en medio de la pandemia por el nuevo Coronavirus, y destac\u00f3 las medidas cautelares adoptadas por el gobierno sirio que contribuyeron en gran medida a reducir la propagaci\u00f3n de ese virus en Siria.<\/p>\n<p style=\"text-align: justify\">El vicecanciller reiter\u00f3 su condena a las medidas coercitivas unilaterales que Estados Unidos y sus aliados europeos siguen imponiendo a Siria a pesar de ser inmorales e inhumanas, y contradicen la Carta de Naciones Unidas.<\/p>\n<p style=\"text-align: justify\">Exigi\u00f3 a los \u00f3rganos de las Naciones Unidas y las organizaciones internacionales que operan en el \u00e1mbito humanitario, entre las que se encuentra la OMS, revelar la verdad sobre esas medidas y su impacto en las formas de garantizar las necesidades sanitarias y humanitarias del ciudadano sirio.<\/p>\n<p style=\"text-align: justify\">Es necesario que la OMS se apega al trabajo humanitario real y evite toda forma de politizaci\u00f3n y condenamos las medidas tomadas por la administraci\u00f3n estadounidense contra esa organizaci\u00f3n\u201d, expres\u00f3 el diplom\u00e1tico.<\/p>\n<p style=\"text-align: justify\">A su vez, Al-Mandhari apreci\u00f3 la cooperaci\u00f3n existente entre el gobierno sirio y sus instituciones con la OMS y destac\u00f3 el deseo de la organizaci\u00f3n para fortalecer la cooperaci\u00f3n con el gobierno sirio.<\/p>\n<p style=\"text-align: justify\"><strong><span style=\"color: #0000ff\">ed\/fm<\/span><\/strong><\/p>\n","protected":false},"excerpt":{"rendered":"<p>Damasco, SANA El Viceministro de Exteriores y Emigrantes, Faisal Mekdad, recibi\u00f3 hoy al Director Regional de la Organizaci\u00f3n Mundial de la Salud (OMS) para el Mediterr\u00e1neo Oriental, Ahmed Al-Mandhari, y al representante de la OMS en Siria, Akmal Makhtomova. Durante el encuentro sostenido en la sede de la canciller\u00eda siria, Mekdad destac\u00f3 la importancia de &hellip;<\/p>\n","protected":false},"author":32,"featured_media":156963,"comment_status":"closed","ping_status":"closed","sticky":false,"template":"","format":"standard","meta":{"footnotes":""},"categories":[477,597,476,7541],"tags":[],"class_list":["post-156962","post","type-post","status-publish","format-standard","has-post-thumbnail","","category-noticias-edulcorantes","category-cinta-de-noticias","category-locales","category-ultimas-noticias"],"_links":{"self":[{"href":"https:\/\/archive.sana.sy\/es\/index.php?rest_route=\/wp\/v2\/posts\/156962"}],"collection":[{"href":"https:\/\/archive.sana.sy\/es\/index.php?rest_route=\/wp\/v2\/posts"}],"about":[{"href":"https:\/\/archive.sana.sy\/es\/index.php?rest_route=\/wp\/v2\/types\/post"}],"author":[{"embeddable":true,"href":"https:\/\/archive.sana.sy\/es\/index.php?rest_route=\/wp\/v2\/users\/32"}],"replies":[{"embeddable":true,"href":"https:\/\/archive.sana.sy\/es\/index.php?rest_route=%2Fwp%2Fv2%2Fcomments&post=156962"}],"version-history":[{"count":0,"href":"https:\/\/archive.sana.sy\/es\/index.php?rest_route=\/wp\/v2\/posts\/156962\/revisions"}],"wp:featuredmedia":[{"embeddable":true,"href":"https:\/\/archive.sana.sy\/es\/index.php?rest_route=\/wp\/v2\/media\/156963"}],"wp:attachment":[{"href":"https:\/\/archive.sana.sy\/es\/index.php?rest_route=%2Fwp%2Fv2%2Fmedia&parent=156962"}],"wp:term":[{"taxonomy":"category","embeddable":true,"href":"https:\/\/archive.sana.sy\/es\/index.php?rest_route=%2Fwp%2Fv2%2Fcategories&post=156962"},{"taxonomy":"post_tag","embeddable":true,"href":"https:\/\/archive.sana.sy\/es\/index.php?rest_route=%2Fwp%2Fv2%2Ftags&post=156962"}],"curies":[{"name":"wp","href":"https:\/\/api.w.org\/{rel}","templated":true}]}}