{"id":157051,"date":"2020-10-25T22:39:49","date_gmt":"2020-10-25T19:39:49","guid":{"rendered":"http:\/\/107.6.182.27\/es\/?p=157051"},"modified":"2020-10-25T22:41:11","modified_gmt":"2020-10-25T19:41:11","slug":"siria-reporta-49-nuevos-casos-de-covid-19","status":"publish","type":"post","link":"https:\/\/archive.sana.sy\/es\/?p=157051","title":{"rendered":"Siria reporta 49 nuevos casos de Covid-19"},"content":{"rendered":"<p style=\"text-align: justify;\"><span style=\"color: #800000;\"><strong>Damasco, SANA<\/strong><\/span><\/p>\n<p style=\"text-align: justify;\">El Ministerio de Salud de Siria confirm\u00f3 49 nuevos casos de Covid-19 para un acumulado de cinco mil 408.<\/p>\n<p style=\"text-align: justify;\">Por medio de un comunicado de prensa, el ente inform\u00f3 que se reportaron en las \u00faltimas 24 horas 31 nuevos recuperados de esta enfermedad lo que asciende a mil 753 los enfermos dados de alta m\u00e9dica.<\/p>\n<p style=\"text-align: justify;\">Seg\u00fan la nota, hubo dos fallecidos lo que eleva a 269 la cifra total de decesos.<\/p>\n<p style=\"text-align: justify;\">Siria anunci\u00f3 el primer caso del nuevo Coronavirus el d\u00eda 22 de marzo \u00faltimo.<\/p>\n<p style=\"text-align: justify;\"><span style=\"color: #0000ff;\"><strong>ah\/fm<\/strong><\/span><\/p>\n","protected":false},"excerpt":{"rendered":"<p>Damasco, SANA El Ministerio de Salud de Siria confirm\u00f3 49 nuevos casos de Covid-19 para un acumulado de cinco mil 408. Por medio de un comunicado de prensa, el ente inform\u00f3 que se reportaron en las \u00faltimas 24 horas 31 nuevos recuperados de esta enfermedad lo que asciende a mil 753 los enfermos dados de &hellip;<\/p>\n","protected":false},"author":30,"featured_media":157052,"comment_status":"closed","ping_status":"closed","sticky":false,"template":"","format":"standard","meta":{"footnotes":""},"categories":[597,476,7541],"tags":[],"class_list":["post-157051","post","type-post","status-publish","format-standard","has-post-thumbnail","","category-cinta-de-noticias","category-locales","category-ultimas-noticias"],"_links":{"self":[{"href":"https:\/\/archive.sana.sy\/es\/index.php?rest_route=\/wp\/v2\/posts\/157051"}],"collection":[{"href":"https:\/\/archive.sana.sy\/es\/index.php?rest_route=\/wp\/v2\/posts"}],"about":[{"href":"https:\/\/archive.sana.sy\/es\/index.php?rest_route=\/wp\/v2\/types\/post"}],"author":[{"embeddable":true,"href":"https:\/\/archive.sana.sy\/es\/index.php?rest_route=\/wp\/v2\/users\/30"}],"replies":[{"embeddable":true,"href":"https:\/\/archive.sana.sy\/es\/index.php?rest_route=%2Fwp%2Fv2%2Fcomments&post=157051"}],"version-history":[{"count":0,"href":"https:\/\/archive.sana.sy\/es\/index.php?rest_route=\/wp\/v2\/posts\/157051\/revisions"}],"wp:featuredmedia":[{"embeddable":true,"href":"https:\/\/archive.sana.sy\/es\/index.php?rest_route=\/wp\/v2\/media\/157052"}],"wp:attachment":[{"href":"https:\/\/archive.sana.sy\/es\/index.php?rest_route=%2Fwp%2Fv2%2Fmedia&parent=157051"}],"wp:term":[{"taxonomy":"category","embeddable":true,"href":"https:\/\/archive.sana.sy\/es\/index.php?rest_route=%2Fwp%2Fv2%2Fcategories&post=157051"},{"taxonomy":"post_tag","embeddable":true,"href":"https:\/\/archive.sana.sy\/es\/index.php?rest_route=%2Fwp%2Fv2%2Ftags&post=157051"}],"curies":[{"name":"wp","href":"https:\/\/api.w.org\/{rel}","templated":true}]}}