{"id":157067,"date":"2020-10-25T21:10:11","date_gmt":"2020-10-25T18:10:11","guid":{"rendered":"http:\/\/107.6.182.27\/es\/?p=157067"},"modified":"2020-10-26T12:33:28","modified_gmt":"2020-10-26T09:33:28","slug":"partido-egipcio-ratifica-solidaridad-con-siria-en-su-enfrentamiento-al-terrorismo","status":"publish","type":"post","link":"https:\/\/archive.sana.sy\/es\/?p=157067","title":{"rendered":"Partido egipcio ratifica solidaridad con Siria en su enfrentamiento al terrorismo"},"content":{"rendered":"<p style=\"text-align: justify;\"><span style=\"color: #800000;\"><strong>El Cairo, SANA <\/strong><\/span><\/p>\n<p style=\"text-align: justify;\">El partido Naserita del Consenso Nacional en Egipto expres\u00f3 su plena solidaridad con Siria en su lucha contra el terrorismo.<\/p>\n<p style=\"text-align: justify;\">&#8220;Siria tiene el derecho leg\u00edtimo de resistir a todas las conspiraciones que se est\u00e1n tramando en su contra&#8221;, declar\u00f3 a SANA el l\u00edder del partido, Mohammed Refaat.<\/p>\n<p style=\"text-align: justify;\">Agreg\u00f3 que durante los \u00faltimos a\u00f1os Siria ha resistido a pa\u00edses, entidades y bandas internacionales que buscan imponer su hegemon\u00eda sobre la misma.<\/p>\n<p style=\"text-align: justify;\">&#8220;La firmeza del pueblo sirio y las victorias de su ej\u00e9rcito frustraron todos esos intentos\u201d, remarc\u00f3.<\/p>\n<p style=\"text-align: justify;\">Refaat tambi\u00e9n, conden\u00f3 el reciente atentado terrorista que cobr\u00f3 la vida de Muhammad Adnan Al-Afyouni, Muft\u00ed de las provincias de Ciudad de Damasco y Damasco-campo.<\/p>\n<p style=\"text-align: justify;\"><strong><span style=\"color: #0000ff;\">ws\/fm<\/span><\/strong><\/p>\n","protected":false},"excerpt":{"rendered":"<p>El Cairo, SANA El partido Naserita del Consenso Nacional en Egipto expres\u00f3 su plena solidaridad con Siria en su lucha contra el terrorismo. &#8220;Siria tiene el derecho leg\u00edtimo de resistir a todas las conspiraciones que se est\u00e1n tramando en su contra&#8221;, declar\u00f3 a SANA el l\u00edder del partido, Mohammed Refaat. Agreg\u00f3 que durante los \u00faltimos &hellip;<\/p>\n","protected":false},"author":35,"featured_media":157068,"comment_status":"closed","ping_status":"closed","sticky":false,"template":"","format":"standard","meta":{"footnotes":""},"categories":[597,467,7541],"tags":[],"class_list":["post-157067","post","type-post","status-publish","format-standard","has-post-thumbnail","","category-cinta-de-noticias","category-siria-y-el-mundo","category-ultimas-noticias"],"_links":{"self":[{"href":"https:\/\/archive.sana.sy\/es\/index.php?rest_route=\/wp\/v2\/posts\/157067"}],"collection":[{"href":"https:\/\/archive.sana.sy\/es\/index.php?rest_route=\/wp\/v2\/posts"}],"about":[{"href":"https:\/\/archive.sana.sy\/es\/index.php?rest_route=\/wp\/v2\/types\/post"}],"author":[{"embeddable":true,"href":"https:\/\/archive.sana.sy\/es\/index.php?rest_route=\/wp\/v2\/users\/35"}],"replies":[{"embeddable":true,"href":"https:\/\/archive.sana.sy\/es\/index.php?rest_route=%2Fwp%2Fv2%2Fcomments&post=157067"}],"version-history":[{"count":0,"href":"https:\/\/archive.sana.sy\/es\/index.php?rest_route=\/wp\/v2\/posts\/157067\/revisions"}],"wp:featuredmedia":[{"embeddable":true,"href":"https:\/\/archive.sana.sy\/es\/index.php?rest_route=\/wp\/v2\/media\/157068"}],"wp:attachment":[{"href":"https:\/\/archive.sana.sy\/es\/index.php?rest_route=%2Fwp%2Fv2%2Fmedia&parent=157067"}],"wp:term":[{"taxonomy":"category","embeddable":true,"href":"https:\/\/archive.sana.sy\/es\/index.php?rest_route=%2Fwp%2Fv2%2Fcategories&post=157067"},{"taxonomy":"post_tag","embeddable":true,"href":"https:\/\/archive.sana.sy\/es\/index.php?rest_route=%2Fwp%2Fv2%2Ftags&post=157067"}],"curies":[{"name":"wp","href":"https:\/\/api.w.org\/{rel}","templated":true}]}}