{"id":157070,"date":"2020-10-26T13:59:07","date_gmt":"2020-10-26T10:59:07","guid":{"rendered":"http:\/\/107.6.182.27\/es\/?p=157070"},"modified":"2020-10-26T13:59:07","modified_gmt":"2020-10-26T10:59:07","slug":"bombardea-el-ocupante-turco-y-sus-mercenarios-la-ciudad-de-tal-abyad-en-raqa","status":"publish","type":"post","link":"https:\/\/archive.sana.sy\/es\/?p=157070","title":{"rendered":"Bombardea el ocupante turco y sus mercenarios la ciudad de Tal Abyad en Raqa"},"content":{"rendered":"<p style=\"text-align: justify;\"><span style=\"color: #800000;\"><strong>Raqa, SANA<\/strong><\/span><\/p>\n<p style=\"text-align: justify;\">Las fuerzas de ocupaci\u00f3n turcas y sus mercenarios han continuado sus ataques con artiller\u00eda y bombardearon en las recientes horas la localidad de Qazali, al oeste de la ciudad de Tal Abyad, en la provincia de Raqa.<\/p>\n<p style=\"text-align: justify;\">Seg\u00fan informaron activistas locales, proyectiles de artiller\u00eda disparados por tropas turcas y grupos terroristas que operan bajo su mando, provocaron da\u00f1os materiales en la aldea de Qazali.<\/p>\n<p style=\"text-align: justify;\">En la v\u00edspera, semejantes bombardeos apuntaron contra los pueblos de Al-Nuwaihat y Qabr Khadrawi, en la localidad de Abu Raseen.<\/p>\n<p style=\"text-align: justify;\">Desde el inicio de su agresi\u00f3n contra el territorio sirio, las fuerzas turcas usan las localidades bajo su ocupaci\u00f3n en norte de Siria como punto de partida para perpetrar su agresi\u00f3n contra los civiles, lo que provoc\u00f3 el desplazamiento de miles de ellos.<\/p>\n<p style=\"text-align: justify;\"><strong><span style=\"color: #0000ff;\">ed\/fm<\/span><\/strong><\/p>\n","protected":false},"excerpt":{"rendered":"<p>Raqa, SANA Las fuerzas de ocupaci\u00f3n turcas y sus mercenarios han continuado sus ataques con artiller\u00eda y bombardearon en las recientes horas la localidad de Qazali, al oeste de la ciudad de Tal Abyad, en la provincia de Raqa. Seg\u00fan informaron activistas locales, proyectiles de artiller\u00eda disparados por tropas turcas y grupos terroristas que operan &hellip;<\/p>\n","protected":false},"author":32,"featured_media":157071,"comment_status":"closed","ping_status":"closed","sticky":false,"template":"","format":"standard","meta":{"footnotes":""},"categories":[597,573,476,7541],"tags":[],"class_list":["post-157070","post","type-post","status-publish","format-standard","has-post-thumbnail","","category-cinta-de-noticias","category-la-realidad-de-los-acontecimientos-en-siria","category-locales","category-ultimas-noticias"],"_links":{"self":[{"href":"https:\/\/archive.sana.sy\/es\/index.php?rest_route=\/wp\/v2\/posts\/157070"}],"collection":[{"href":"https:\/\/archive.sana.sy\/es\/index.php?rest_route=\/wp\/v2\/posts"}],"about":[{"href":"https:\/\/archive.sana.sy\/es\/index.php?rest_route=\/wp\/v2\/types\/post"}],"author":[{"embeddable":true,"href":"https:\/\/archive.sana.sy\/es\/index.php?rest_route=\/wp\/v2\/users\/32"}],"replies":[{"embeddable":true,"href":"https:\/\/archive.sana.sy\/es\/index.php?rest_route=%2Fwp%2Fv2%2Fcomments&post=157070"}],"version-history":[{"count":0,"href":"https:\/\/archive.sana.sy\/es\/index.php?rest_route=\/wp\/v2\/posts\/157070\/revisions"}],"wp:featuredmedia":[{"embeddable":true,"href":"https:\/\/archive.sana.sy\/es\/index.php?rest_route=\/wp\/v2\/media\/157071"}],"wp:attachment":[{"href":"https:\/\/archive.sana.sy\/es\/index.php?rest_route=%2Fwp%2Fv2%2Fmedia&parent=157070"}],"wp:term":[{"taxonomy":"category","embeddable":true,"href":"https:\/\/archive.sana.sy\/es\/index.php?rest_route=%2Fwp%2Fv2%2Fcategories&post=157070"},{"taxonomy":"post_tag","embeddable":true,"href":"https:\/\/archive.sana.sy\/es\/index.php?rest_route=%2Fwp%2Fv2%2Ftags&post=157070"}],"curies":[{"name":"wp","href":"https:\/\/api.w.org\/{rel}","templated":true}]}}