{"id":157155,"date":"2020-10-26T22:10:13","date_gmt":"2020-10-26T19:10:13","guid":{"rendered":"http:\/\/107.6.182.27\/es\/?p=157155"},"modified":"2020-10-26T22:46:53","modified_gmt":"2020-10-26T19:46:53","slug":"confirman-en-siria-53-nuevos-casos-de-covd-19-en-su-mayoria-en-homs-y-deraa","status":"publish","type":"post","link":"https:\/\/archive.sana.sy\/es\/?p=157155","title":{"rendered":"Confirman en Siria 53 nuevos casos de Covid-19, en su mayor\u00eda en Homs y Deraa"},"content":{"rendered":"<p style=\"text-align: justify;\"><span style=\"color: #800000;\">Damasco, SANA<\/span><\/p>\n<p style=\"text-align: justify;\">El Ministerio de Salud de Siria confirm\u00f3 53 nuevos casos de Covid-19 para un acumulado de cinco mil 461.<\/p>\n<p style=\"text-align: justify;\">Por medio de un comunicado de prensa, el ente inform\u00f3 que la mayor\u00eda de los nuevos casos fueron confirmados en Homs (18) y Deraa (17), mientras se reportaron 13 en Sweida y ning\u00fan caso en Ciudad de Damasco.<\/p>\n<p style=\"text-align: justify;\">\u201cEn las \u00faltimas 24 horas, se confirmaron 35 recuperaciones, lo que asciende a mil 788 los enfermos dados de alta m\u00e9dica\u201d, precis\u00f3.<\/p>\n<p style=\"text-align: justify;\">Seg\u00fan la nota, hubo tres fallecidos lo que eleva a 272 la cifra total de decesos.<\/p>\n<p style=\"text-align: justify;\">Siria anunci\u00f3 el primer caso del nuevo Coronavirus el d\u00eda 22 de marzo \u00faltimo.<\/p>\n<p><span style=\"color: #0000ff;\">fm\/rr<\/span><\/p>\n","protected":false},"excerpt":{"rendered":"<p>Damasco, SANA El Ministerio de Salud de Siria confirm\u00f3 53 nuevos casos de Covid-19 para un acumulado de cinco mil 461. Por medio de un comunicado de prensa, el ente inform\u00f3 que la mayor\u00eda de los nuevos casos fueron confirmados en Homs (18) y Deraa (17), mientras se reportaron 13 en Sweida y ning\u00fan caso &hellip;<\/p>\n","protected":false},"author":31,"featured_media":157156,"comment_status":"closed","ping_status":"closed","sticky":false,"template":"","format":"standard","meta":{"footnotes":""},"categories":[597,476,7541],"tags":[],"class_list":["post-157155","post","type-post","status-publish","format-standard","has-post-thumbnail","","category-cinta-de-noticias","category-locales","category-ultimas-noticias"],"_links":{"self":[{"href":"https:\/\/archive.sana.sy\/es\/index.php?rest_route=\/wp\/v2\/posts\/157155"}],"collection":[{"href":"https:\/\/archive.sana.sy\/es\/index.php?rest_route=\/wp\/v2\/posts"}],"about":[{"href":"https:\/\/archive.sana.sy\/es\/index.php?rest_route=\/wp\/v2\/types\/post"}],"author":[{"embeddable":true,"href":"https:\/\/archive.sana.sy\/es\/index.php?rest_route=\/wp\/v2\/users\/31"}],"replies":[{"embeddable":true,"href":"https:\/\/archive.sana.sy\/es\/index.php?rest_route=%2Fwp%2Fv2%2Fcomments&post=157155"}],"version-history":[{"count":0,"href":"https:\/\/archive.sana.sy\/es\/index.php?rest_route=\/wp\/v2\/posts\/157155\/revisions"}],"wp:featuredmedia":[{"embeddable":true,"href":"https:\/\/archive.sana.sy\/es\/index.php?rest_route=\/wp\/v2\/media\/157156"}],"wp:attachment":[{"href":"https:\/\/archive.sana.sy\/es\/index.php?rest_route=%2Fwp%2Fv2%2Fmedia&parent=157155"}],"wp:term":[{"taxonomy":"category","embeddable":true,"href":"https:\/\/archive.sana.sy\/es\/index.php?rest_route=%2Fwp%2Fv2%2Fcategories&post=157155"},{"taxonomy":"post_tag","embeddable":true,"href":"https:\/\/archive.sana.sy\/es\/index.php?rest_route=%2Fwp%2Fv2%2Ftags&post=157155"}],"curies":[{"name":"wp","href":"https:\/\/api.w.org\/{rel}","templated":true}]}}