{"id":157371,"date":"2020-10-28T19:05:19","date_gmt":"2020-10-28T16:05:19","guid":{"rendered":"http:\/\/107.6.182.27\/es\/?p=157371"},"modified":"2020-10-28T20:17:01","modified_gmt":"2020-10-28T17:17:01","slug":"presidente-al-assad-participa-en-celebracion-religiosa-con-motivo-del-mawlid","status":"publish","type":"post","link":"https:\/\/archive.sana.sy\/es\/?p=157371","title":{"rendered":"Presidente Al-Assad asiste a ceremonia religiosa con motivo del Mawlid"},"content":{"rendered":"<p style=\"text-align: justify\"><span style=\"color: #800000\">Damasco, SANA<\/span><\/p>\n<p style=\"text-align: justify\">El presidente Bashar Al-Assad, asiste a una ceremonia religiosa con motivo del natalicio del Profeta Muhammad (Mawlid) en la mezquita de Saad Bin Moaz en la ciudad de Damasco.<\/p>\n<p style=\"text-align: justify\">La ceremonia comenz\u00f3 con la recitaci\u00f3n de vers\u00edculos del Sagrado Cor\u00e1n.<\/p>\n<p style=\"text-align: justify\">A continuaci\u00f3n, el ministro de Asuntos Religiosos (Awqaf), Mohamad Abdulsattar Sayyed, pronunci\u00f3 el serm\u00f3n en el que subray\u00f3 c\u00f3mo el \u00faltimo profeta pudo enfrentar el cerco y demostr\u00f3 que la voluntad de la verdad era capaz de triunfar.<\/p>\n<p style=\"text-align: justify\">Asimismo, hizo menci\u00f3n a los ulemas isl\u00e1micos que perdieron su vida por decir la verdad; el \u00faltimo fue el jeque Mohamad Adnan Afyouni, Muft\u00ed de Damasco y su campo, quien fue asesinado recientemente a manos de takfiristas y terroristas que trataron de acallar su voz patri\u00f3tica y sus creencias.<\/p>\n<p style=\"text-align: justify\">Por otra parte, Sayyed se\u00f1al\u00f3 que Siria se niega a que el Islam se transforme a &#8220;producto en el mercado de las subastas pol\u00edticas baratas entre Macron y Erdogan&#8221;.<\/p>\n<p style=\"text-align: justify\">\u201cEl hecho de perjudicar al Profeta significa perjudicar a dos mil millones de musulmanes en todo el mundo, y al Islam no lo representa el Wahabismo o la Hermandad Musulmana\u201d, asever\u00f3.<\/p>\n<div id='gallery-1' class='gallery galleryid-157371 gallery-columns-1 gallery-size-large'><figure class='gallery-item'>\n\t\t\t<div class='gallery-icon landscape'>\n\t\t\t\t<a href='https:\/\/archive.sana.sy\/es\/wp-content\/uploads\/2020\/10\/presidente-1.jpg'><img loading=\"lazy\" decoding=\"async\" width=\"618\" height=\"412\" src=\"https:\/\/archive.sana.sy\/es\/wp-content\/uploads\/2020\/10\/presidente-1-1024x682.jpg\" class=\"attachment-large size-large\" alt=\"\" srcset=\"https:\/\/archive.sana.sy\/es\/wp-content\/uploads\/2020\/10\/presidente-1-1024x682.jpg 1024w, https:\/\/archive.sana.sy\/es\/wp-content\/uploads\/2020\/10\/presidente-1-300x200.jpg 300w, https:\/\/archive.sana.sy\/es\/wp-content\/uploads\/2020\/10\/presidente-1-150x100.jpg 150w, https:\/\/archive.sana.sy\/es\/wp-content\/uploads\/2020\/10\/presidente-1-768x512.jpg 768w, https:\/\/archive.sana.sy\/es\/wp-content\/uploads\/2020\/10\/presidente-1.jpg 1280w\" sizes=\"(max-width: 618px) 100vw, 618px\" \/><\/a>\n\t\t\t<\/div><\/figure><figure class='gallery-item'>\n\t\t\t<div class='gallery-icon landscape'>\n\t\t\t\t<a href='https:\/\/archive.sana.sy\/es\/wp-content\/uploads\/2020\/10\/presidente-2.jpg'><img loading=\"lazy\" decoding=\"async\" width=\"618\" height=\"412\" src=\"https:\/\/archive.sana.sy\/es\/wp-content\/uploads\/2020\/10\/presidente-2-1024x682.jpg\" class=\"attachment-large size-large\" alt=\"\" srcset=\"https:\/\/archive.sana.sy\/es\/wp-content\/uploads\/2020\/10\/presidente-2-1024x682.jpg 1024w, https:\/\/archive.sana.sy\/es\/wp-content\/uploads\/2020\/10\/presidente-2-300x200.jpg 300w, https:\/\/archive.sana.sy\/es\/wp-content\/uploads\/2020\/10\/presidente-2-150x100.jpg 150w, https:\/\/archive.sana.sy\/es\/wp-content\/uploads\/2020\/10\/presidente-2-768x512.jpg 768w, https:\/\/archive.sana.sy\/es\/wp-content\/uploads\/2020\/10\/presidente-2.jpg 1280w\" sizes=\"(max-width: 618px) 100vw, 618px\" \/><\/a>\n\t\t\t<\/div><\/figure>\n\t\t<\/div>\n\n<h5 style=\"text-align: justify\"><strong><span style=\"color: #0000ff\"><em>la\/fm<\/em><\/span><\/strong><\/h5>\n","protected":false},"excerpt":{"rendered":"<p>Damasco, SANA El presidente Bashar Al-Assad, asiste a una ceremonia religiosa con motivo del natalicio del Profeta Muhammad (Mawlid) en la mezquita de Saad Bin Moaz en la ciudad de Damasco. La ceremonia comenz\u00f3 con la recitaci\u00f3n de vers\u00edculos del Sagrado Cor\u00e1n. A continuaci\u00f3n, el ministro de Asuntos Religiosos (Awqaf), Mohamad Abdulsattar Sayyed, pronunci\u00f3 el &hellip;<\/p>\n","protected":false},"author":24,"featured_media":157372,"comment_status":"closed","ping_status":"closed","sticky":false,"template":"","format":"standard","meta":{"footnotes":""},"categories":[597,16237,583,626],"tags":[],"class_list":["post-157371","post","type-post","status-publish","format-standard","has-post-thumbnail","","category-cinta-de-noticias","category-presidence-de-la-republique-arabe-syria","category-slide","category-sr-presidente"],"_links":{"self":[{"href":"https:\/\/archive.sana.sy\/es\/index.php?rest_route=\/wp\/v2\/posts\/157371"}],"collection":[{"href":"https:\/\/archive.sana.sy\/es\/index.php?rest_route=\/wp\/v2\/posts"}],"about":[{"href":"https:\/\/archive.sana.sy\/es\/index.php?rest_route=\/wp\/v2\/types\/post"}],"author":[{"embeddable":true,"href":"https:\/\/archive.sana.sy\/es\/index.php?rest_route=\/wp\/v2\/users\/24"}],"replies":[{"embeddable":true,"href":"https:\/\/archive.sana.sy\/es\/index.php?rest_route=%2Fwp%2Fv2%2Fcomments&post=157371"}],"version-history":[{"count":0,"href":"https:\/\/archive.sana.sy\/es\/index.php?rest_route=\/wp\/v2\/posts\/157371\/revisions"}],"wp:featuredmedia":[{"embeddable":true,"href":"https:\/\/archive.sana.sy\/es\/index.php?rest_route=\/wp\/v2\/media\/157372"}],"wp:attachment":[{"href":"https:\/\/archive.sana.sy\/es\/index.php?rest_route=%2Fwp%2Fv2%2Fmedia&parent=157371"}],"wp:term":[{"taxonomy":"category","embeddable":true,"href":"https:\/\/archive.sana.sy\/es\/index.php?rest_route=%2Fwp%2Fv2%2Fcategories&post=157371"},{"taxonomy":"post_tag","embeddable":true,"href":"https:\/\/archive.sana.sy\/es\/index.php?rest_route=%2Fwp%2Fv2%2Ftags&post=157371"}],"curies":[{"name":"wp","href":"https:\/\/api.w.org\/{rel}","templated":true}]}}