{"id":15738,"date":"2015-01-09T17:08:49","date_gmt":"2015-01-09T15:08:49","guid":{"rendered":"http:\/\/www.sana.sy\/es\/?p=15738"},"modified":"2015-01-09T17:12:03","modified_gmt":"2015-01-09T15:12:03","slug":"el-gran-mufti-de-la-republica-llama-los-pueblos-islamicos-a-aferrarse-a-los-altos-valores-del-islam","status":"publish","type":"post","link":"https:\/\/archive.sana.sy\/es\/?p=15738","title":{"rendered":"El Gran Muft\u00ed de la Rep\u00fablica llama los pueblos isl\u00e1micos a aferrarse a los altos valores del Islam"},"content":{"rendered":"<p style=\"text-align: justify\"><span style=\"color: #800000\">Teher\u00e1n, SANA<\/span><\/p>\n<p style=\"text-align: justify\">El Gran Muft\u00ed de la Rep\u00fablica \u00c1rabe Siria, Ahmad Badreddin Hassoun, inst\u00f3 los pueblos isl\u00e1micos a aferrarse a los altos valores del Islam para que sean una conducta pr\u00e1ctica en el mantenimiento del ser humano, su bienestar, la unidad territorial y la seguridad del medio ambiente.<\/p>\n<p style=\"text-align: justify\"><a href=\"http:\/\/www.sana.sy\/es\/wp-content\/uploads\/2015\/01\/14.jpg\"><img loading=\"lazy\" decoding=\"async\" class=\" size-medium wp-image-15740 alignright\" src=\"http:\/\/www.sana.sy\/es\/wp-content\/uploads\/2015\/01\/14-300x186.jpg\" alt=\"1\" width=\"300\" height=\"186\" srcset=\"https:\/\/archive.sana.sy\/es\/wp-content\/uploads\/2015\/01\/14-300x186.jpg 300w, https:\/\/archive.sana.sy\/es\/wp-content\/uploads\/2015\/01\/14-150x93.jpg 150w, https:\/\/archive.sana.sy\/es\/wp-content\/uploads\/2015\/01\/14.jpg 328w\" sizes=\"(max-width: 300px) 100vw, 300px\" \/><\/a><\/p>\n<p style=\"text-align: justify\">Con motivo de la Conferencia Internacional de la Unidad Isl\u00e1mica y la ceremonia del aniversario del nacimiento del Profeta Mahoma, Hassoun en un discurso antes de realizar las Oraciones del Viernes, dijo que \u201cIr\u00e1n arm\u00e1ndose con la ciencia y los conocimientos ha llegado al cosmos y a la autosuficiencia para decirle al mundo entero que el arma de Occidente mata, mientras que nuestra arma cura gente, y que la verdadera ciencia no es la que destruye, sino es la que construye\u201d.<\/p>\n<p style=\"text-align: justify\"><a href=\"http:\/\/www.sana.sy\/es\/wp-content\/uploads\/2015\/01\/21.jpg\"><img loading=\"lazy\" decoding=\"async\" class=\" size-medium wp-image-15741 alignright\" src=\"http:\/\/www.sana.sy\/es\/wp-content\/uploads\/2015\/01\/21-300x196.jpg\" alt=\"2\" width=\"300\" height=\"196\" srcset=\"https:\/\/archive.sana.sy\/es\/wp-content\/uploads\/2015\/01\/21-300x196.jpg 300w, https:\/\/archive.sana.sy\/es\/wp-content\/uploads\/2015\/01\/21-150x98.jpg 150w, https:\/\/archive.sana.sy\/es\/wp-content\/uploads\/2015\/01\/21.jpg 310w\" sizes=\"(max-width: 300px) 100vw, 300px\" \/><\/a><\/p>\n<p style=\"text-align: justify\">Asimismo, expres\u00f3 el agradecimiento del pueblo sirio y su aprecio al pueblo iran\u00ed que estuvo en\u00e9rgicamente al lado de la verdad, al lado de la justicia, con el fin de vencer el terrorismo, tanto como lo fue con el L\u00edbano y Palestina donde se logr\u00f3 la victoria sobre el enemigo sionista.<\/p>\n<p style=\"text-align: justify\">Tambi\u00e9n confirm\u00f3 que el terrorismo vino para dividir la naci\u00f3n, se\u00f1alando la importancia de caracterizarse por los morales del Profeta que uni\u00f3 esta naci\u00f3n despu\u00e9s de la di\u00e1spora.<\/p>\n<p style=\"text-align: justify\"><span style=\"color: #0000ff\">Ghifar Al Ali<\/span><\/p>\n","protected":false},"excerpt":{"rendered":"<p>Teher\u00e1n, SANA El Gran Muft\u00ed de la Rep\u00fablica \u00c1rabe Siria, Ahmad Badreddin Hassoun, inst\u00f3 los pueblos isl\u00e1micos a aferrarse a los altos valores del Islam para que sean una conducta pr\u00e1ctica en el mantenimiento del ser humano, su bienestar, la unidad territorial y la seguridad del medio ambiente. Con motivo de la Conferencia Internacional de &hellip;<\/p>\n","protected":false},"author":1,"featured_media":15739,"comment_status":"closed","ping_status":"closed","sticky":false,"template":"","format":"standard","meta":{"footnotes":""},"categories":[597,456,457,576],"tags":[3557],"class_list":["post-15738","post","type-post","status-publish","format-standard","has-post-thumbnail","","category-cinta-de-noticias","category-arabe-internacional-politica","category-noticias-arabe-internacional-politica","category-noticias-politicas","tag-el-gran-mufti-de-la-republica-llama-a-los-pueblos-islamicos-a-aferrarse-a-los-altos-valores-del-islam"],"_links":{"self":[{"href":"https:\/\/archive.sana.sy\/es\/index.php?rest_route=\/wp\/v2\/posts\/15738"}],"collection":[{"href":"https:\/\/archive.sana.sy\/es\/index.php?rest_route=\/wp\/v2\/posts"}],"about":[{"href":"https:\/\/archive.sana.sy\/es\/index.php?rest_route=\/wp\/v2\/types\/post"}],"author":[{"embeddable":true,"href":"https:\/\/archive.sana.sy\/es\/index.php?rest_route=\/wp\/v2\/users\/1"}],"replies":[{"embeddable":true,"href":"https:\/\/archive.sana.sy\/es\/index.php?rest_route=%2Fwp%2Fv2%2Fcomments&post=15738"}],"version-history":[{"count":0,"href":"https:\/\/archive.sana.sy\/es\/index.php?rest_route=\/wp\/v2\/posts\/15738\/revisions"}],"wp:featuredmedia":[{"embeddable":true,"href":"https:\/\/archive.sana.sy\/es\/index.php?rest_route=\/wp\/v2\/media\/15739"}],"wp:attachment":[{"href":"https:\/\/archive.sana.sy\/es\/index.php?rest_route=%2Fwp%2Fv2%2Fmedia&parent=15738"}],"wp:term":[{"taxonomy":"category","embeddable":true,"href":"https:\/\/archive.sana.sy\/es\/index.php?rest_route=%2Fwp%2Fv2%2Fcategories&post=15738"},{"taxonomy":"post_tag","embeddable":true,"href":"https:\/\/archive.sana.sy\/es\/index.php?rest_route=%2Fwp%2Fv2%2Ftags&post=15738"}],"curies":[{"name":"wp","href":"https:\/\/api.w.org\/{rel}","templated":true}]}}