{"id":157436,"date":"2020-10-29T05:05:18","date_gmt":"2020-10-29T02:05:18","guid":{"rendered":"http:\/\/107.6.182.27\/es\/?p=157436"},"modified":"2023-01-12T14:42:48","modified_gmt":"2023-01-12T12:42:48","slug":"tres-personas-mueren-apunalados-en-niza-francia","status":"publish","type":"post","link":"https:\/\/archive.sana.sy\/es\/?p=157436","title":{"rendered":"Tres personas mueren apu\u00f1alados en Niza, Francia"},"content":{"rendered":"<p><span style=\"color: #800000;\"><strong>Par\u00eds, SANA<\/strong><\/span><\/p>\n<p>Tres personas perdieron su vida apu\u00f1aladas con un cuchillo en la ciudad de Niza, en el sur de Francia.<\/p>\n<p>La polic\u00eda dispar\u00f3 al presunto atacante durante su arresto y a\u00fan sigue vivo , cit\u00f3 Reuters al alcalde de Niza, Christian Estrozzi.<\/p>\n<p>El departamento del fiscal general de contraterrorismo franc\u00e9s dijo que hab\u00eda recibido una solicitud para investigar el ataque.<\/p>\n<p><span style=\"color: #0000ff;\"><strong>ed\/fm<\/strong><\/span><\/p>\n","protected":false},"excerpt":{"rendered":"<p>Par\u00eds, SANA Tres personas perdieron su vida apu\u00f1aladas con un cuchillo en la ciudad de Niza, en el sur de Francia. La polic\u00eda dispar\u00f3 al presunto atacante durante su arresto y a\u00fan sigue vivo , cit\u00f3 Reuters al alcalde de Niza, Christian Estrozzi. El departamento del fiscal general de contraterrorismo franc\u00e9s dijo que hab\u00eda recibido &hellip;<\/p>\n","protected":false},"author":34,"featured_media":157437,"comment_status":"closed","ping_status":"closed","sticky":false,"template":"","format":"standard","meta":{"footnotes":""},"categories":[597,456,7541],"tags":[],"class_list":["post-157436","post","type-post","status-publish","format-standard","has-post-thumbnail","","category-cinta-de-noticias","category-arabe-internacional-politica","category-ultimas-noticias"],"_links":{"self":[{"href":"https:\/\/archive.sana.sy\/es\/index.php?rest_route=\/wp\/v2\/posts\/157436"}],"collection":[{"href":"https:\/\/archive.sana.sy\/es\/index.php?rest_route=\/wp\/v2\/posts"}],"about":[{"href":"https:\/\/archive.sana.sy\/es\/index.php?rest_route=\/wp\/v2\/types\/post"}],"author":[{"embeddable":true,"href":"https:\/\/archive.sana.sy\/es\/index.php?rest_route=\/wp\/v2\/users\/34"}],"replies":[{"embeddable":true,"href":"https:\/\/archive.sana.sy\/es\/index.php?rest_route=%2Fwp%2Fv2%2Fcomments&post=157436"}],"version-history":[{"count":0,"href":"https:\/\/archive.sana.sy\/es\/index.php?rest_route=\/wp\/v2\/posts\/157436\/revisions"}],"wp:featuredmedia":[{"embeddable":true,"href":"https:\/\/archive.sana.sy\/es\/index.php?rest_route=\/wp\/v2\/media\/157437"}],"wp:attachment":[{"href":"https:\/\/archive.sana.sy\/es\/index.php?rest_route=%2Fwp%2Fv2%2Fmedia&parent=157436"}],"wp:term":[{"taxonomy":"category","embeddable":true,"href":"https:\/\/archive.sana.sy\/es\/index.php?rest_route=%2Fwp%2Fv2%2Fcategories&post=157436"},{"taxonomy":"post_tag","embeddable":true,"href":"https:\/\/archive.sana.sy\/es\/index.php?rest_route=%2Fwp%2Fv2%2Ftags&post=157436"}],"curies":[{"name":"wp","href":"https:\/\/api.w.org\/{rel}","templated":true}]}}