{"id":15744,"date":"2015-01-09T20:36:34","date_gmt":"2015-01-09T18:36:34","guid":{"rendered":"http:\/\/www.sana.sy\/es\/?p=15744"},"modified":"2015-01-09T20:37:31","modified_gmt":"2015-01-09T18:37:31","slug":"nasrullah-los-grupos-terroristas-amenazan-los-pueblos-y-los-estados-de-la-region","status":"publish","type":"post","link":"https:\/\/archive.sana.sy\/es\/?p=15744","title":{"rendered":"Nasrullah: los grupos terroristas amenazan los pueblos y los estados de la regi\u00f3n"},"content":{"rendered":"<p style=\"text-align: justify\"><span style=\"color: #800000\">Beirut, SANA<\/span><\/p>\n<p style=\"text-align: justify\">El secretario general del Partido Hezbol\u00e1, Hassan Nasrallah, confirm\u00f3 que los grupos terroristas takfir\u00edes representan una amenaza para los pueblos y los estados de la regi\u00f3n, y debe unificar los esfuerzos de todos para hacer frente a las pr\u00e1cticas de estos grupos y trabajar para ponerle fin.<\/p>\n<p style=\"text-align: justify\">En un discurso con motivo del aniversario del Profeta Mahoma, Nasrallah dijo que hacer frente a los grupos terroristas ya no es relacionado con solo defender la regi\u00f3n, su futuro y su pueblo, sino defender el Islam que es amenazado por estos a nivel mundial.<\/p>\n<p style=\"text-align: justify\">Asimismo agreg\u00f3 que \u201chay personalidades que no est\u00e1 a su favor que haya un entendimiento entre las fuerzas pol\u00edticas en el L\u00edbano\u2026 y nosotros en el Partido Hezbol\u00e1 estamos dispuestos a cualquier di\u00e1logo que est\u00e1 a favor del pa\u00eds\u201d.<\/p>\n<p style=\"text-align: justify\">Tambi\u00e9n se\u00f1al\u00f3 que en un lugar de este mundo hay quien quiere una guerra isl\u00e1mica-cristiana, apoyado por los grupos terroristas y est\u00e1 a favor de los pa\u00edses de la regi\u00f3n que acuden al di\u00e1logo para resolver los problemas.<\/p>\n<p style=\"text-align: justify\"><span style=\"color: #0000ff\">Ghifar Al Ali<\/span><\/p>\n","protected":false},"excerpt":{"rendered":"<p>Beirut, SANA El secretario general del Partido Hezbol\u00e1, Hassan Nasrallah, confirm\u00f3 que los grupos terroristas takfir\u00edes representan una amenaza para los pueblos y los estados de la regi\u00f3n, y debe unificar los esfuerzos de todos para hacer frente a las pr\u00e1cticas de estos grupos y trabajar para ponerle fin. En un discurso con motivo del &hellip;<\/p>\n","protected":false},"author":1,"featured_media":15745,"comment_status":"closed","ping_status":"closed","sticky":false,"template":"","format":"standard","meta":{"footnotes":""},"categories":[597,456,457,576],"tags":[3558],"class_list":["post-15744","post","type-post","status-publish","format-standard","has-post-thumbnail","","category-cinta-de-noticias","category-arabe-internacional-politica","category-noticias-arabe-internacional-politica","category-noticias-politicas","tag-nasrullah-los-grupos-terroristas-amenazan-los-pueblos-y-los-estados-de-la-region"],"_links":{"self":[{"href":"https:\/\/archive.sana.sy\/es\/index.php?rest_route=\/wp\/v2\/posts\/15744"}],"collection":[{"href":"https:\/\/archive.sana.sy\/es\/index.php?rest_route=\/wp\/v2\/posts"}],"about":[{"href":"https:\/\/archive.sana.sy\/es\/index.php?rest_route=\/wp\/v2\/types\/post"}],"author":[{"embeddable":true,"href":"https:\/\/archive.sana.sy\/es\/index.php?rest_route=\/wp\/v2\/users\/1"}],"replies":[{"embeddable":true,"href":"https:\/\/archive.sana.sy\/es\/index.php?rest_route=%2Fwp%2Fv2%2Fcomments&post=15744"}],"version-history":[{"count":0,"href":"https:\/\/archive.sana.sy\/es\/index.php?rest_route=\/wp\/v2\/posts\/15744\/revisions"}],"wp:featuredmedia":[{"embeddable":true,"href":"https:\/\/archive.sana.sy\/es\/index.php?rest_route=\/wp\/v2\/media\/15745"}],"wp:attachment":[{"href":"https:\/\/archive.sana.sy\/es\/index.php?rest_route=%2Fwp%2Fv2%2Fmedia&parent=15744"}],"wp:term":[{"taxonomy":"category","embeddable":true,"href":"https:\/\/archive.sana.sy\/es\/index.php?rest_route=%2Fwp%2Fv2%2Fcategories&post=15744"},{"taxonomy":"post_tag","embeddable":true,"href":"https:\/\/archive.sana.sy\/es\/index.php?rest_route=%2Fwp%2Fv2%2Ftags&post=15744"}],"curies":[{"name":"wp","href":"https:\/\/api.w.org\/{rel}","templated":true}]}}