{"id":15751,"date":"2015-01-10T17:15:32","date_gmt":"2015-01-10T15:15:32","guid":{"rendered":"http:\/\/www.sana.sy\/es\/?p=15751"},"modified":"2015-01-10T17:17:24","modified_gmt":"2015-01-10T15:17:24","slug":"miqdad-la-independencia-la-soberania-y-la-dignidad-son-valores-irrenunciables-para-siria","status":"publish","type":"post","link":"https:\/\/archive.sana.sy\/es\/?p=15751","title":{"rendered":"Miqdad: la independencia, la soberan\u00eda y la dignidad son valores irrenunciables para Siria"},"content":{"rendered":"<p>Beirut, SANA<br \/>\nEl Viceministro de Exteriores y Expatriados, Faisal al-Miqdad, afirm\u00f3 que Siria no ceder\u00e1 a la presi\u00f3n y no ofrecer\u00e1 concesiones pol\u00edticas sean lo que sean las presiones.<\/p>\n<p>En un art\u00edculo publicado en el diario liban\u00e9s \u201cal-Bina\u201d, el vicecanciller sirio dijo que \u201clos cuatro a\u00f1os de guerra contra Siria son suficientes para que los enemigos se percaten que Damasco seguir\u00e1 defendiendo los valores del honor, la dignidad, la soberan\u00eda y la independencia, sean cuales sean los sacrificios\u201d.<\/p>\n<p>Al-Miqdad indic\u00f3 que \u201clos que estuvieron detr\u00e1s de la cat\u00e1strofe que afect\u00f3 a Siria y alimentaron su fuego, ven que todo lo que hicieron fue &#8220;en vano&#8221; porque los miles de millones de d\u00f3lares que pagaron y todas las armas que proporcionaron a los mercenarios no han podido derrotar la voluntad y la determinaci\u00f3n del pueblo de Siria y la firmeza de su ej\u00e9rcito\u201d.<\/p>\n<p>\u201cDecimos a aquellos que sue\u00f1an que Siria va a cambiar sus convicciones nacionales mediante las presiones, decimos: sus presiones fallar\u00e1n como todos los dem\u00e1s m\u00e9todos han fracasado\u201d, precis\u00f3 Mikqad.<\/p>\n<p>El Vicecanciller sirio concluy\u00f3 su art\u00edculo diciendo: &#8220;La independencia, la soberan\u00eda, la dignidad y la unidad del pueblo de Siria son valores irrenunciables y merecen ser defendidos hasta el final.<br \/>\nFady M., Lynn A.<\/p>\n","protected":false},"excerpt":{"rendered":"<p>Beirut, SANA El Viceministro de Exteriores y Expatriados, Faisal al-Miqdad, afirm\u00f3 que Siria no ceder\u00e1 a la presi\u00f3n y no ofrecer\u00e1 concesiones pol\u00edticas sean lo que sean las presiones. En un art\u00edculo publicado en el diario liban\u00e9s \u201cal-Bina\u201d, el vicecanciller sirio dijo que \u201clos cuatro a\u00f1os de guerra contra Siria son suficientes para que los &hellip;<\/p>\n","protected":false},"author":24,"featured_media":8132,"comment_status":"closed","ping_status":"closed","sticky":false,"template":"","format":"standard","meta":{"footnotes":""},"categories":[555,597,576],"tags":[3561,3560],"class_list":["post-15751","post","type-post","status-publish","format-standard","has-post-thumbnail","","category-prensa","category-cinta-de-noticias","category-noticias-politicas","tag-la-soberania-y-la-dignidad-son-valores-irrenunciables-para-siria","tag-miqdad-la-independencia"],"_links":{"self":[{"href":"https:\/\/archive.sana.sy\/es\/index.php?rest_route=\/wp\/v2\/posts\/15751"}],"collection":[{"href":"https:\/\/archive.sana.sy\/es\/index.php?rest_route=\/wp\/v2\/posts"}],"about":[{"href":"https:\/\/archive.sana.sy\/es\/index.php?rest_route=\/wp\/v2\/types\/post"}],"author":[{"embeddable":true,"href":"https:\/\/archive.sana.sy\/es\/index.php?rest_route=\/wp\/v2\/users\/24"}],"replies":[{"embeddable":true,"href":"https:\/\/archive.sana.sy\/es\/index.php?rest_route=%2Fwp%2Fv2%2Fcomments&post=15751"}],"version-history":[{"count":0,"href":"https:\/\/archive.sana.sy\/es\/index.php?rest_route=\/wp\/v2\/posts\/15751\/revisions"}],"wp:featuredmedia":[{"embeddable":true,"href":"https:\/\/archive.sana.sy\/es\/index.php?rest_route=\/wp\/v2\/media\/8132"}],"wp:attachment":[{"href":"https:\/\/archive.sana.sy\/es\/index.php?rest_route=%2Fwp%2Fv2%2Fmedia&parent=15751"}],"wp:term":[{"taxonomy":"category","embeddable":true,"href":"https:\/\/archive.sana.sy\/es\/index.php?rest_route=%2Fwp%2Fv2%2Fcategories&post=15751"},{"taxonomy":"post_tag","embeddable":true,"href":"https:\/\/archive.sana.sy\/es\/index.php?rest_route=%2Fwp%2Fv2%2Ftags&post=15751"}],"curies":[{"name":"wp","href":"https:\/\/api.w.org\/{rel}","templated":true}]}}