{"id":157707,"date":"2020-11-01T17:33:25","date_gmt":"2020-11-01T15:33:25","guid":{"rendered":"http:\/\/107.6.182.27\/es\/?p=157707"},"modified":"2020-11-01T17:43:31","modified_gmt":"2020-11-01T15:43:31","slug":"milicia-proestadounidense-sufre-mas-bajas-en-ataques-armados-en-el-noreste-de-siria","status":"publish","type":"post","link":"https:\/\/archive.sana.sy\/es\/?p=157707","title":{"rendered":"Milicia proestadounidense sufre m\u00e1s bajas en ataques armados en el noreste de Siria"},"content":{"rendered":"<p style=\"text-align: justify;\"><strong><span style=\"color: #800000;\">Hasakeh y Deir Ezzor<\/span><\/strong><\/p>\n<p style=\"text-align: justify;\">La milicia FDS, apoyada por las fuerzas de ocupaci\u00f3n estadounidenses, sufri\u00f3 nuevas bajas en ataques armados contra sus patrullas en las provincias de Hasakeh y Deir Ezzor.<\/p>\n<p style=\"text-align: justify;\">Seg\u00fan informaron activistas locales a SANA, &#8220;desconocidos abrieron el fuego contra un cabecilla de la milicia FDS en la localidad de Merkada, situada al sur de Hasakeh, lo que caus\u00f3 su muerte&#8221;.<\/p>\n<p style=\"text-align: justify;\">Se\u00f1alaron que armados atacaron con explosivo a un veh\u00edculo de la milicia en la carretera del campo petrolero Al-Omar en el este de Deir Ezzor.<\/p>\n<p style=\"text-align: justify;\">Asimismo, un miliciano de la FDS muri\u00f3 por disparos de armados no identificados en la ciudad de Al-Jeradi.<\/p>\n<p style=\"text-align: justify;\">En la v\u00edspera, Cinco armados de las llamadas Fuerzas Democr\u00e1ticas de Siria (FDS) murieron, entre ellos dos comandantes, mientras otros resultaron heridos a balazos de desconocidos en las provincias de Hasakeh y Deir Ezzor, en medio de crecientes acciones armadas contra patrullas y puestos de la milicia en la regi\u00f3n siria de Al-Jazira.<\/p>\n<p style=\"text-align: justify;\"><strong><span style=\"color: #0000ff;\">\u00a0ed\/fm<\/span><\/strong><\/p>\n","protected":false},"excerpt":{"rendered":"<p>Hasakeh y Deir Ezzor La milicia FDS, apoyada por las fuerzas de ocupaci\u00f3n estadounidenses, sufri\u00f3 nuevas bajas en ataques armados contra sus patrullas en las provincias de Hasakeh y Deir Ezzor. Seg\u00fan informaron activistas locales a SANA, &#8220;desconocidos abrieron el fuego contra un cabecilla de la milicia FDS en la localidad de Merkada, situada al &hellip;<\/p>\n","protected":false},"author":32,"featured_media":157708,"comment_status":"closed","ping_status":"closed","sticky":false,"template":"","format":"standard","meta":{"footnotes":""},"categories":[477,597,573,7541],"tags":[],"class_list":["post-157707","post","type-post","status-publish","format-standard","has-post-thumbnail","","category-noticias-edulcorantes","category-cinta-de-noticias","category-la-realidad-de-los-acontecimientos-en-siria","category-ultimas-noticias"],"_links":{"self":[{"href":"https:\/\/archive.sana.sy\/es\/index.php?rest_route=\/wp\/v2\/posts\/157707"}],"collection":[{"href":"https:\/\/archive.sana.sy\/es\/index.php?rest_route=\/wp\/v2\/posts"}],"about":[{"href":"https:\/\/archive.sana.sy\/es\/index.php?rest_route=\/wp\/v2\/types\/post"}],"author":[{"embeddable":true,"href":"https:\/\/archive.sana.sy\/es\/index.php?rest_route=\/wp\/v2\/users\/32"}],"replies":[{"embeddable":true,"href":"https:\/\/archive.sana.sy\/es\/index.php?rest_route=%2Fwp%2Fv2%2Fcomments&post=157707"}],"version-history":[{"count":0,"href":"https:\/\/archive.sana.sy\/es\/index.php?rest_route=\/wp\/v2\/posts\/157707\/revisions"}],"wp:featuredmedia":[{"embeddable":true,"href":"https:\/\/archive.sana.sy\/es\/index.php?rest_route=\/wp\/v2\/media\/157708"}],"wp:attachment":[{"href":"https:\/\/archive.sana.sy\/es\/index.php?rest_route=%2Fwp%2Fv2%2Fmedia&parent=157707"}],"wp:term":[{"taxonomy":"category","embeddable":true,"href":"https:\/\/archive.sana.sy\/es\/index.php?rest_route=%2Fwp%2Fv2%2Fcategories&post=157707"},{"taxonomy":"post_tag","embeddable":true,"href":"https:\/\/archive.sana.sy\/es\/index.php?rest_route=%2Fwp%2Fv2%2Ftags&post=157707"}],"curies":[{"name":"wp","href":"https:\/\/api.w.org\/{rel}","templated":true}]}}