{"id":157720,"date":"2020-11-01T15:28:31","date_gmt":"2020-11-01T13:28:31","guid":{"rendered":"http:\/\/107.6.182.27\/es\/?p=157720"},"modified":"2023-01-12T14:42:46","modified_gmt":"2023-01-12T12:42:46","slug":"un-complot-externo-para-perturbar-las-elecciones-legislativas-en-venezuela","status":"publish","type":"post","link":"https:\/\/archive.sana.sy\/es\/?p=157720","title":{"rendered":"Un complot externo para perturbar las elecciones legislativas en Venezuela"},"content":{"rendered":"<p style=\"text-align: justify;\"><span style=\"color: #800000;\"><strong>Caracas, SANA<\/strong><\/span><\/p>\n<p style=\"text-align: justify;\">El presidente venezolano, Nicol\u00e1s Maduro, advirti\u00f3 sobre un nuevo complot terrorista preparado por agentes extranjeros para crear disturbios y lanzar ataques destinados a perturbar las elecciones legislativas programadas para este mes.<\/p>\n<p style=\"text-align: justify;\">\u201cHemos obtenido informaci\u00f3n de fuentes en el exterior sobre la preparaci\u00f3n de acciones violentas y ataques para tratar de dar una imagen que hay caos y crisis en Venezuela.. nuestra responsabilidad es alertar a la gente e informarles sobre esto\u201d, dijo Maduro en un discurso en el complejo cultural Teresa Casino en Caracas.<\/p>\n<p style=\"text-align: justify;\">Advirti\u00f3 que la extrema derecha est\u00e1 preparando actos de sedici\u00f3n en un intento de generar violencia por diversos medios y en coordinaci\u00f3n con el l\u00edder de la oposici\u00f3n de derecha, Juan Guaid\u00f3. \u201cLo digo con confianza que no vamos a permitir esto y no han ni podr\u00e1n llevar la violencia a nuestro pueblo y nuestras calles, y prevalecer\u00e1 un ambiente de libertad y transparencia en la campa\u00f1a electoral\u201d.<\/p>\n<p style=\"text-align: justify;\">Estados Unidos persiste en desestabilizar a Venezuela endureciendo las sanciones econ\u00f3micas en su contra y apoyando a las fuerzas de derecha en un intento desesperado para dominar el pa\u00eds, derrocar su leg\u00edtimo presidente y controlar su gran riqueza petrolera y robarla.<\/p>\n<p style=\"text-align: justify;\">fm\/ed<\/p>\n","protected":false},"excerpt":{"rendered":"<p>Caracas, SANA El presidente venezolano, Nicol\u00e1s Maduro, advirti\u00f3 sobre un nuevo complot terrorista preparado por agentes extranjeros para crear disturbios y lanzar ataques destinados a perturbar las elecciones legislativas programadas para este mes. \u201cHemos obtenido informaci\u00f3n de fuentes en el exterior sobre la preparaci\u00f3n de acciones violentas y ataques para tratar de dar una imagen &hellip;<\/p>\n","protected":false},"author":32,"featured_media":157721,"comment_status":"closed","ping_status":"closed","sticky":false,"template":"","format":"standard","meta":{"footnotes":""},"categories":[597,456],"tags":[],"class_list":["post-157720","post","type-post","status-publish","format-standard","has-post-thumbnail","","category-cinta-de-noticias","category-arabe-internacional-politica"],"_links":{"self":[{"href":"https:\/\/archive.sana.sy\/es\/index.php?rest_route=\/wp\/v2\/posts\/157720"}],"collection":[{"href":"https:\/\/archive.sana.sy\/es\/index.php?rest_route=\/wp\/v2\/posts"}],"about":[{"href":"https:\/\/archive.sana.sy\/es\/index.php?rest_route=\/wp\/v2\/types\/post"}],"author":[{"embeddable":true,"href":"https:\/\/archive.sana.sy\/es\/index.php?rest_route=\/wp\/v2\/users\/32"}],"replies":[{"embeddable":true,"href":"https:\/\/archive.sana.sy\/es\/index.php?rest_route=%2Fwp%2Fv2%2Fcomments&post=157720"}],"version-history":[{"count":0,"href":"https:\/\/archive.sana.sy\/es\/index.php?rest_route=\/wp\/v2\/posts\/157720\/revisions"}],"wp:featuredmedia":[{"embeddable":true,"href":"https:\/\/archive.sana.sy\/es\/index.php?rest_route=\/wp\/v2\/media\/157721"}],"wp:attachment":[{"href":"https:\/\/archive.sana.sy\/es\/index.php?rest_route=%2Fwp%2Fv2%2Fmedia&parent=157720"}],"wp:term":[{"taxonomy":"category","embeddable":true,"href":"https:\/\/archive.sana.sy\/es\/index.php?rest_route=%2Fwp%2Fv2%2Fcategories&post=157720"},{"taxonomy":"post_tag","embeddable":true,"href":"https:\/\/archive.sana.sy\/es\/index.php?rest_route=%2Fwp%2Fv2%2Ftags&post=157720"}],"curies":[{"name":"wp","href":"https:\/\/api.w.org\/{rel}","templated":true}]}}