{"id":157744,"date":"2020-11-01T17:30:28","date_gmt":"2020-11-01T15:30:28","guid":{"rendered":"http:\/\/107.6.182.27\/es\/?p=157744"},"modified":"2020-11-01T17:29:40","modified_gmt":"2020-11-01T15:29:40","slug":"armenia-muestra-pruebas-concluyentes-del-reclutamiento-y-envio-de-mercenarios-por-parte-del-regimen-turco","status":"publish","type":"post","link":"https:\/\/archive.sana.sy\/es\/?p=157744","title":{"rendered":"Armenia muestra pruebas concluyentes del reclutamiento y env\u00edo de mercenarios por parte del r\u00e9gimen turco"},"content":{"rendered":"<p style=\"text-align: justify;\"><span style=\"color: #800000;\"><strong>Erev\u00e1n, SANA<\/strong><\/span><\/p>\n<p style=\"text-align: justify;\">El primer ministro armenio, Nikol Pashinyan, anunci\u00f3 que existen nuevas &#8220;pruebas concluyentes&#8221; de que el r\u00e9gimen turco ha reclutado y enviado a mercenarios de Siria a Azerbaiy\u00e1n.<\/p>\n<p style=\"text-align: justify;\">El Primer Ministro public\u00f3 hoy en su p\u00e1gina de Facebook un video que muestra a un mercenario que fue arrestado por las unidades del ej\u00e9rcito de la regi\u00f3n de Nagorno Karabaj.<\/p>\n<p style=\"text-align: justify;\">&#8220;Ahora hay pruebas completas sobre el reclutamiento de miles de mercenarios en Siria y su env\u00edo de Turqu\u00eda a Azerbaiy\u00e1n para participar en las batallas en la regi\u00f3n de Nagorno Karabaj&#8221;, dijo Pashinyan.<\/p>\n<p style=\"text-align: justify;\">Explic\u00f3 que &#8220;los materiales indican la existencia de una red criminal internacional en este sentido\u201d.<\/p>\n<p style=\"text-align: justify;\"><strong><span style=\"color: #0000ff;\">fm\/ed<\/span><\/strong><\/p>\n","protected":false},"excerpt":{"rendered":"<p>Erev\u00e1n, SANA El primer ministro armenio, Nikol Pashinyan, anunci\u00f3 que existen nuevas &#8220;pruebas concluyentes&#8221; de que el r\u00e9gimen turco ha reclutado y enviado a mercenarios de Siria a Azerbaiy\u00e1n. El Primer Ministro public\u00f3 hoy en su p\u00e1gina de Facebook un video que muestra a un mercenario que fue arrestado por las unidades del ej\u00e9rcito de &hellip;<\/p>\n","protected":false},"author":32,"featured_media":157745,"comment_status":"closed","ping_status":"closed","sticky":false,"template":"","format":"standard","meta":{"footnotes":""},"categories":[597,467,7541],"tags":[],"class_list":["post-157744","post","type-post","status-publish","format-standard","has-post-thumbnail","","category-cinta-de-noticias","category-siria-y-el-mundo","category-ultimas-noticias"],"_links":{"self":[{"href":"https:\/\/archive.sana.sy\/es\/index.php?rest_route=\/wp\/v2\/posts\/157744"}],"collection":[{"href":"https:\/\/archive.sana.sy\/es\/index.php?rest_route=\/wp\/v2\/posts"}],"about":[{"href":"https:\/\/archive.sana.sy\/es\/index.php?rest_route=\/wp\/v2\/types\/post"}],"author":[{"embeddable":true,"href":"https:\/\/archive.sana.sy\/es\/index.php?rest_route=\/wp\/v2\/users\/32"}],"replies":[{"embeddable":true,"href":"https:\/\/archive.sana.sy\/es\/index.php?rest_route=%2Fwp%2Fv2%2Fcomments&post=157744"}],"version-history":[{"count":0,"href":"https:\/\/archive.sana.sy\/es\/index.php?rest_route=\/wp\/v2\/posts\/157744\/revisions"}],"wp:featuredmedia":[{"embeddable":true,"href":"https:\/\/archive.sana.sy\/es\/index.php?rest_route=\/wp\/v2\/media\/157745"}],"wp:attachment":[{"href":"https:\/\/archive.sana.sy\/es\/index.php?rest_route=%2Fwp%2Fv2%2Fmedia&parent=157744"}],"wp:term":[{"taxonomy":"category","embeddable":true,"href":"https:\/\/archive.sana.sy\/es\/index.php?rest_route=%2Fwp%2Fv2%2Fcategories&post=157744"},{"taxonomy":"post_tag","embeddable":true,"href":"https:\/\/archive.sana.sy\/es\/index.php?rest_route=%2Fwp%2Fv2%2Ftags&post=157744"}],"curies":[{"name":"wp","href":"https:\/\/api.w.org\/{rel}","templated":true}]}}