{"id":15801,"date":"2015-01-10T21:01:45","date_gmt":"2015-01-10T19:01:45","guid":{"rendered":"http:\/\/www.sana.sy\/es\/?p=15801"},"modified":"2015-01-10T22:58:00","modified_gmt":"2015-01-10T20:58:00","slug":"siete-muertos-y-mas-de-20-heridos-en-un-doble-atentado-en-tripoli","status":"publish","type":"post","link":"https:\/\/archive.sana.sy\/es\/?p=15801","title":{"rendered":"9 muertos y m\u00e1s de 35 heridos en un doble atentado en Tr\u00edpoli&#8230; Damasco condena en\u00e9rgicamente el acto"},"content":{"rendered":"<p style=\"text-align: justify\"><span style=\"color: #800000\">Beirut, SANA<\/span><\/p>\n<p style=\"text-align: justify\">La Agencia Nacional libanesa de Noticias confirm\u00f3 que al menos nueve\u00a0personas perdieron la vida y m\u00e1s de 35\u00a0resultaron heridas a causa de dos explosiones terroristas en Yabal Muhsen en Tr\u00edpoli.<\/p>\n<p style=\"text-align: justify\">La agencia agreg\u00f3 que las dos agresiones terroristas fueron llevadas a cabo por dos suicidas, donde uno de ellos activ\u00f3 la carga que llevaba endosada al cuerpo en la Cafeter\u00eda Omran, y cuando la gente se reuni\u00f3 en la escena el otro atacante kamikaze se hizo estallar.<\/p>\n<p style=\"text-align: justify\">M\u00e1s tarde, el gobierno sirio conden\u00f3 en\u00e9rgicamente el atentado terrorista que tuvo lugar en la noche de hoy en Yabal Muhsen en la ciudad libanesa de Tr\u00edpoli, y ofrece las condolencias a las familias de los m\u00e1rtires deseando una pronta recuperaci\u00f3n a los heridos, considerando que la unidad nacional es la garant\u00eda contra el terrorismo<\/p>\n<p style=\"text-align: justify\"><span style=\"color: #0000ff\">Ghifar Al Ali &amp; Riyad Sh.<\/span><\/p>\n","protected":false},"excerpt":{"rendered":"<p>Beirut, SANA La Agencia Nacional libanesa de Noticias confirm\u00f3 que al menos nueve\u00a0personas perdieron la vida y m\u00e1s de 35\u00a0resultaron heridas a causa de dos explosiones terroristas en Yabal Muhsen en Tr\u00edpoli. La agencia agreg\u00f3 que las dos agresiones terroristas fueron llevadas a cabo por dos suicidas, donde uno de ellos activ\u00f3 la carga que &hellip;<\/p>\n","protected":false},"author":1,"featured_media":15802,"comment_status":"closed","ping_status":"closed","sticky":false,"template":"","format":"standard","meta":{"footnotes":""},"categories":[597,456,457,576],"tags":[3571],"class_list":["post-15801","post","type-post","status-publish","format-standard","has-post-thumbnail","","category-cinta-de-noticias","category-arabe-internacional-politica","category-noticias-arabe-internacional-politica","category-noticias-politicas","tag-siete-muertos-y-mas-de-20-heridos-en-un-doble-atentado-en-tripoli"],"_links":{"self":[{"href":"https:\/\/archive.sana.sy\/es\/index.php?rest_route=\/wp\/v2\/posts\/15801"}],"collection":[{"href":"https:\/\/archive.sana.sy\/es\/index.php?rest_route=\/wp\/v2\/posts"}],"about":[{"href":"https:\/\/archive.sana.sy\/es\/index.php?rest_route=\/wp\/v2\/types\/post"}],"author":[{"embeddable":true,"href":"https:\/\/archive.sana.sy\/es\/index.php?rest_route=\/wp\/v2\/users\/1"}],"replies":[{"embeddable":true,"href":"https:\/\/archive.sana.sy\/es\/index.php?rest_route=%2Fwp%2Fv2%2Fcomments&post=15801"}],"version-history":[{"count":0,"href":"https:\/\/archive.sana.sy\/es\/index.php?rest_route=\/wp\/v2\/posts\/15801\/revisions"}],"wp:featuredmedia":[{"embeddable":true,"href":"https:\/\/archive.sana.sy\/es\/index.php?rest_route=\/wp\/v2\/media\/15802"}],"wp:attachment":[{"href":"https:\/\/archive.sana.sy\/es\/index.php?rest_route=%2Fwp%2Fv2%2Fmedia&parent=15801"}],"wp:term":[{"taxonomy":"category","embeddable":true,"href":"https:\/\/archive.sana.sy\/es\/index.php?rest_route=%2Fwp%2Fv2%2Fcategories&post=15801"},{"taxonomy":"post_tag","embeddable":true,"href":"https:\/\/archive.sana.sy\/es\/index.php?rest_route=%2Fwp%2Fv2%2Ftags&post=15801"}],"curies":[{"name":"wp","href":"https:\/\/api.w.org\/{rel}","templated":true}]}}