{"id":158034,"date":"2020-11-03T12:07:39","date_gmt":"2020-11-03T10:07:39","guid":{"rendered":"http:\/\/107.6.182.27\/es\/?p=158034"},"modified":"2020-11-03T12:07:39","modified_gmt":"2020-11-03T10:07:39","slug":"iniciativa-para-apoyar-a-los-ninos-afectados-por-la-guerra-en-homs","status":"publish","type":"post","link":"https:\/\/archive.sana.sy\/es\/?p=158034","title":{"rendered":"Iniciativa para apoyar a los ni\u00f1os afectados por la guerra en Homs"},"content":{"rendered":"<p style=\"text-align: justify;\"><strong><span style=\"color: #0000ff;\">Homs, SANA<\/span> <\/strong><\/p>\n<p style=\"text-align: justify;\">Un grupo de voluntarios sirios lanzaron una iniciativa para prestar apoyo psicosocial a los ni\u00f1os y adolescentes afectados por la guerra.<\/p>\n<p style=\"text-align: justify;\">Alrededor de 50 participantes en la iniciativa partieron hacia varios pueblos en el norte y este de la provincia central de Homs, a 162 kil\u00f3metros al norte de la capital Damasco, donde organizaron una serie de actividades encaminadas a paliar los efectos negativos de la guerra en los ni\u00f1os.<\/p>\n<p style=\"text-align: justify;\">Seg\u00fan declar\u00f3 Seba Wassouf, una de los organizadores, la iniciativa es dirigida por la Direcci\u00f3n de Cultura de Homs en cooperaci\u00f3n con la Organizaci\u00f3n de las Naciones Unidas para la Infancia (Unicef) y cuyas actividades abarcan programas sociales que generan sentimiento de seguridad y bien estar en las familias de los ni\u00f1os.<\/p>\n<p style=\"text-align: justify;\">Entre otras actividades, se organizaron competencias de correr, jugar y explorar, adem\u00e1s de actividades humanitarias que dejan impacto socio-f\u00edsico, cognitivo y emocional en los ni\u00f1os.<\/p>\n<p style=\"text-align: justify;\"><span style=\"color: #800000;\"><strong>ws\/fm<\/strong><\/span><\/p>\n","protected":false},"excerpt":{"rendered":"<p>Homs, SANA Un grupo de voluntarios sirios lanzaron una iniciativa para prestar apoyo psicosocial a los ni\u00f1os y adolescentes afectados por la guerra. Alrededor de 50 participantes en la iniciativa partieron hacia varios pueblos en el norte y este de la provincia central de Homs, a 162 kil\u00f3metros al norte de la capital Damasco, donde &hellip;<\/p>\n","protected":false},"author":35,"featured_media":158035,"comment_status":"closed","ping_status":"closed","sticky":false,"template":"","format":"standard","meta":{"footnotes":""},"categories":[597,476,7541],"tags":[18451],"class_list":["post-158034","post","type-post","status-publish","format-standard","has-post-thumbnail","","category-cinta-de-noticias","category-locales","category-ultimas-noticias","tag-_iniciativa_-para-_apoyar_-a_-los-_ninos_-afectados-_por-_la-_guerra-_en-_homs"],"_links":{"self":[{"href":"https:\/\/archive.sana.sy\/es\/index.php?rest_route=\/wp\/v2\/posts\/158034"}],"collection":[{"href":"https:\/\/archive.sana.sy\/es\/index.php?rest_route=\/wp\/v2\/posts"}],"about":[{"href":"https:\/\/archive.sana.sy\/es\/index.php?rest_route=\/wp\/v2\/types\/post"}],"author":[{"embeddable":true,"href":"https:\/\/archive.sana.sy\/es\/index.php?rest_route=\/wp\/v2\/users\/35"}],"replies":[{"embeddable":true,"href":"https:\/\/archive.sana.sy\/es\/index.php?rest_route=%2Fwp%2Fv2%2Fcomments&post=158034"}],"version-history":[{"count":0,"href":"https:\/\/archive.sana.sy\/es\/index.php?rest_route=\/wp\/v2\/posts\/158034\/revisions"}],"wp:featuredmedia":[{"embeddable":true,"href":"https:\/\/archive.sana.sy\/es\/index.php?rest_route=\/wp\/v2\/media\/158035"}],"wp:attachment":[{"href":"https:\/\/archive.sana.sy\/es\/index.php?rest_route=%2Fwp%2Fv2%2Fmedia&parent=158034"}],"wp:term":[{"taxonomy":"category","embeddable":true,"href":"https:\/\/archive.sana.sy\/es\/index.php?rest_route=%2Fwp%2Fv2%2Fcategories&post=158034"},{"taxonomy":"post_tag","embeddable":true,"href":"https:\/\/archive.sana.sy\/es\/index.php?rest_route=%2Fwp%2Fv2%2Ftags&post=158034"}],"curies":[{"name":"wp","href":"https:\/\/api.w.org\/{rel}","templated":true}]}}