{"id":158037,"date":"2020-11-03T12:41:20","date_gmt":"2020-11-03T10:41:20","guid":{"rendered":"http:\/\/107.6.182.27\/es\/?p=158037"},"modified":"2020-11-03T12:41:20","modified_gmt":"2020-11-03T10:41:20","slug":"palestina-sigue-siendo-la-causa-central-de-siria-afirma-parlamento-sirio","status":"publish","type":"post","link":"https:\/\/archive.sana.sy\/es\/?p=158037","title":{"rendered":"Palestina sigue siendo la causa central de Siria, afirma Parlamento sirio"},"content":{"rendered":"<p style=\"text-align: justify;\"><strong><span style=\"color: #800000;\">Damasco, SANA<\/span><\/strong><\/p>\n<p style=\"text-align: justify;\">La Asamblea del Pueblo (parlamento) afirm\u00f3 que la causa palestina era y sigue siendo la causa central de Siria a pesar del complot y la guerra que est\u00e1 enfrentando desde hace 10 a\u00f1os.<\/p>\n<p style=\"text-align: justify;\">En una declaraci\u00f3n emitida con motivo del 130 aniversario de la fat\u00eddica Declaraci\u00f3n Balfour, el Parlamento indic\u00f3 que &#8220;esa falsa promesa marc\u00f3 el inicio de una larga fase de injusticia hist\u00f3rica que afligi\u00f3 al pueblo \u00e1rabe&#8221;.<\/p>\n<p style=\"text-align: justify;\">&#8220;El pueblo \u00e1rabe palestino ha pagado y sigue pagando alto precio por esa promesa y lo que est\u00e1 sucediendo en Siria no puede separarse de la Declaraci\u00f3n Balfour&#8221;, explic\u00f3 el comunicado.<\/p>\n<p style=\"text-align: justify;\">El Parlamento indic\u00f3 que el pueblo palestino enfrenta a los cr\u00edmenes de guerra y agresi\u00f3n m\u00e1s atroces representadas por las contin\u00faas pr\u00e1cticas agresivas del ocupante destinadas a abolir los derechos leg\u00edtimos e inalienables del pueblo palestino, especialmente su derecho a la libre determinaci\u00f3n y al establecimiento de su estado independiente.<\/p>\n<p style=\"text-align: justify;\">&#8220;Siria era y sigue siendo la roca s\u00f3lida ante las codicias y ambiciones de los sionistas, ocupantes y agresores, y el complot que enfrenta por parte de las fuerzas del mal apunta a desviarla de su enfoque en defensa y apoyo a las causas justas, a su frente la causa palestina&#8221;, concluy\u00f3 la Asamblea del Pueblo su declaraci\u00f3n.<\/p>\n<p style=\"text-align: justify;\"><span style=\"color: #0000ff;\"><strong>fm\/ws<\/strong><\/span><\/p>\n","protected":false},"excerpt":{"rendered":"<p>Damasco, SANA La Asamblea del Pueblo (parlamento) afirm\u00f3 que la causa palestina era y sigue siendo la causa central de Siria a pesar del complot y la guerra que est\u00e1 enfrentando desde hace 10 a\u00f1os. En una declaraci\u00f3n emitida con motivo del 130 aniversario de la fat\u00eddica Declaraci\u00f3n Balfour, el Parlamento indic\u00f3 que &#8220;esa falsa &hellip;<\/p>\n","protected":false},"author":35,"featured_media":158038,"comment_status":"closed","ping_status":"closed","sticky":false,"template":"","format":"standard","meta":{"footnotes":""},"categories":[477,597,476,457,7541],"tags":[18452],"class_list":["post-158037","post","type-post","status-publish","format-standard","has-post-thumbnail","","category-noticias-edulcorantes","category-cinta-de-noticias","category-locales","category-noticias-arabe-internacional-politica","category-ultimas-noticias","tag-palestina-_sigue_-siendo-_la-_causa-_central_-de_-siria-_afirma-_parlamento_-sirio"],"_links":{"self":[{"href":"https:\/\/archive.sana.sy\/es\/index.php?rest_route=\/wp\/v2\/posts\/158037"}],"collection":[{"href":"https:\/\/archive.sana.sy\/es\/index.php?rest_route=\/wp\/v2\/posts"}],"about":[{"href":"https:\/\/archive.sana.sy\/es\/index.php?rest_route=\/wp\/v2\/types\/post"}],"author":[{"embeddable":true,"href":"https:\/\/archive.sana.sy\/es\/index.php?rest_route=\/wp\/v2\/users\/35"}],"replies":[{"embeddable":true,"href":"https:\/\/archive.sana.sy\/es\/index.php?rest_route=%2Fwp%2Fv2%2Fcomments&post=158037"}],"version-history":[{"count":0,"href":"https:\/\/archive.sana.sy\/es\/index.php?rest_route=\/wp\/v2\/posts\/158037\/revisions"}],"wp:featuredmedia":[{"embeddable":true,"href":"https:\/\/archive.sana.sy\/es\/index.php?rest_route=\/wp\/v2\/media\/158038"}],"wp:attachment":[{"href":"https:\/\/archive.sana.sy\/es\/index.php?rest_route=%2Fwp%2Fv2%2Fmedia&parent=158037"}],"wp:term":[{"taxonomy":"category","embeddable":true,"href":"https:\/\/archive.sana.sy\/es\/index.php?rest_route=%2Fwp%2Fv2%2Fcategories&post=158037"},{"taxonomy":"post_tag","embeddable":true,"href":"https:\/\/archive.sana.sy\/es\/index.php?rest_route=%2Fwp%2Fv2%2Ftags&post=158037"}],"curies":[{"name":"wp","href":"https:\/\/api.w.org\/{rel}","templated":true}]}}