{"id":158040,"date":"2020-11-03T13:30:03","date_gmt":"2020-11-03T11:30:03","guid":{"rendered":"http:\/\/107.6.182.27\/es\/?p=158040"},"modified":"2023-01-12T14:42:45","modified_gmt":"2023-01-12T12:42:45","slug":"prisionero-palestino-se-convierte-en-nuevo-icono-de-lucha-del-pueblo-palestino","status":"publish","type":"post","link":"https:\/\/archive.sana.sy\/es\/?p=158040","title":{"rendered":"Prisionero palestino se convierte en nuevo \u00edcono de lucha del pueblo palestino"},"content":{"rendered":"<p style=\"text-align: justify;\"><strong><span style=\"color: #800000;\">Jerusal\u00e9n ocupada, SANA<\/span><\/strong><\/p>\n<p style=\"text-align: justify;\">El prisionero palestino Maher Al-Akhras, se ha convertido en el nuevo \u00edcono de lucha del pueblo palestino, y cumpli\u00f3 hoy 100 d\u00edas de huelga de hambre, en una batalla que libra en nombre de 4.500 prisioneros quienes sufren a manos del ocupante sionista que se niega a liberarlos.<\/p>\n<p style=\"text-align: justify;\">Son 100 d\u00edas que la historia inmortalizar\u00e1. Por medio de esa huelga, Al Akhras pretende enviar un mensaje al mundo entero de que los cr\u00edmenes del ocupante israel\u00ed deben cesar y los prisioneros deben ser liberados ya que fueron encarcelados por el simple hecho de rechazar la ocupaci\u00f3n de su tierra y defenderla.<\/p>\n<p style=\"text-align: justify;\"><img loading=\"lazy\" decoding=\"async\" class=\"size-full wp-image-158043 alignleft\" src=\"http:\/\/107.6.182.27\/es\/wp-content\/uploads\/2020\/11\/55-4-300x186-1.jpg\" alt=\"\" width=\"300\" height=\"186\" srcset=\"https:\/\/archive.sana.sy\/es\/wp-content\/uploads\/2020\/11\/55-4-300x186-1.jpg 300w, https:\/\/archive.sana.sy\/es\/wp-content\/uploads\/2020\/11\/55-4-300x186-1-150x93.jpg 150w\" sizes=\"(max-width: 300px) 100vw, 300px\" \/><\/p>\n<p style=\"text-align: justify;\">La madre del prisionero Al Akhras pidi\u00f3 al mundo que salvara a su hijo. &#8220;Es imperdonable el silencio y hay que moverse para salvar a mi hijo&#8221;, inst\u00f3.<\/p>\n<p style=\"text-align: justify;\">Al-Akhras de 49 a\u00f1os de edad, fue detenido el 27 de julio pasado; est\u00e1 casado y es padre de seis hijos. Fue detenido por las fuerzas de ocupaci\u00f3n por primera vez en 1989 y su detenci\u00f3n dur\u00f3 siete meses, y la segunda vez fue detenido en 2004 por dos a\u00f1os mientras en 2009 fue arrestado por un per\u00edodo de 16 meses y nuevamente fue arrestado en 2018 durante 11 meses.<\/p>\n<p style=\"text-align: justify;\"><span style=\"color: #0000ff;\"><strong>fm\/ws<\/strong><\/span><\/p>\n","protected":false},"excerpt":{"rendered":"<p>Jerusal\u00e9n ocupada, SANA El prisionero palestino Maher Al-Akhras, se ha convertido en el nuevo \u00edcono de lucha del pueblo palestino, y cumpli\u00f3 hoy 100 d\u00edas de huelga de hambre, en una batalla que libra en nombre de 4.500 prisioneros quienes sufren a manos del ocupante sionista que se niega a liberarlos. Son 100 d\u00edas que &hellip;<\/p>\n","protected":false},"author":35,"featured_media":158042,"comment_status":"closed","ping_status":"closed","sticky":false,"template":"","format":"standard","meta":{"footnotes":""},"categories":[597,456,7541,1],"tags":[],"class_list":["post-158040","post","type-post","status-publish","format-standard","has-post-thumbnail","","category-cinta-de-noticias","category-arabe-internacional-politica","category-ultimas-noticias","category-news-not-sorted"],"_links":{"self":[{"href":"https:\/\/archive.sana.sy\/es\/index.php?rest_route=\/wp\/v2\/posts\/158040"}],"collection":[{"href":"https:\/\/archive.sana.sy\/es\/index.php?rest_route=\/wp\/v2\/posts"}],"about":[{"href":"https:\/\/archive.sana.sy\/es\/index.php?rest_route=\/wp\/v2\/types\/post"}],"author":[{"embeddable":true,"href":"https:\/\/archive.sana.sy\/es\/index.php?rest_route=\/wp\/v2\/users\/35"}],"replies":[{"embeddable":true,"href":"https:\/\/archive.sana.sy\/es\/index.php?rest_route=%2Fwp%2Fv2%2Fcomments&post=158040"}],"version-history":[{"count":0,"href":"https:\/\/archive.sana.sy\/es\/index.php?rest_route=\/wp\/v2\/posts\/158040\/revisions"}],"wp:featuredmedia":[{"embeddable":true,"href":"https:\/\/archive.sana.sy\/es\/index.php?rest_route=\/wp\/v2\/media\/158042"}],"wp:attachment":[{"href":"https:\/\/archive.sana.sy\/es\/index.php?rest_route=%2Fwp%2Fv2%2Fmedia&parent=158040"}],"wp:term":[{"taxonomy":"category","embeddable":true,"href":"https:\/\/archive.sana.sy\/es\/index.php?rest_route=%2Fwp%2Fv2%2Fcategories&post=158040"},{"taxonomy":"post_tag","embeddable":true,"href":"https:\/\/archive.sana.sy\/es\/index.php?rest_route=%2Fwp%2Fv2%2Ftags&post=158040"}],"curies":[{"name":"wp","href":"https:\/\/api.w.org\/{rel}","templated":true}]}}