{"id":158047,"date":"2020-11-03T14:45:16","date_gmt":"2020-11-03T12:45:16","guid":{"rendered":"http:\/\/107.6.182.27\/es\/?p=158047"},"modified":"2023-01-10T14:31:17","modified_gmt":"2023-01-10T12:31:17","slug":"falta-de-atencion-medica-causa-muerte-de-una-nina-en-el-campamento-al-hol-controlado-por-ee-uu-y-su-milicia-fds","status":"publish","type":"post","link":"https:\/\/archive.sana.sy\/es\/?p=158047","title":{"rendered":"Falta de atenci\u00f3n m\u00e9dica causa muerte de una ni\u00f1a en el campamento Al Hol controlado por EE.UU y su milicia FDS"},"content":{"rendered":"<p style=\"text-align: justify;\"><span style=\"color: #800000;\"><strong>Hasakeh, SANA<\/strong><\/span><\/p>\n<p style=\"text-align: justify;\">Una ni\u00f1a falleci\u00f3 hoy por la falta de atenci\u00f3n m\u00e9dica en el campamento al-Hol ubicado al este de la ciudad nororiental de Hasakeh y controlado por las llamadas Fuerzas Democr\u00e1ticas de Siria (FDS), mercenarias de Washington.<\/p>\n<p style=\"text-align: justify;\">Activistas locales informaron al reportero de SANA sobre la muerte de la infante e indicaron que dicho campamento vive un estado de deterioro constante de las condiciones de sus residentes y un escasez de agua y alimentos, adem\u00e1s de la propagaci\u00f3n de enfermedades.<\/p>\n<p style=\"text-align: justify;\">Washington y su milicia FDS retienen desde hace cinco a\u00f1os en el campamento Al-Hol a decenas de miles de desplazados sirios que viven en una p\u00e9sima situaci\u00f3n por la falta de agua, higiene y alimentos, y por el incremento de los cr\u00edmenes.<\/p>\n<p style=\"text-align: justify;\"><strong><span style=\"color: #0000ff;\"><em>fm<\/em><\/span><\/strong><\/p>\n","protected":false},"excerpt":{"rendered":"<p>Hasakeh, SANA Una ni\u00f1a falleci\u00f3 hoy por la falta de atenci\u00f3n m\u00e9dica en el campamento al-Hol ubicado al este de la ciudad nororiental de Hasakeh y controlado por las llamadas Fuerzas Democr\u00e1ticas de Siria (FDS), mercenarias de Washington. Activistas locales informaron al reportero de SANA sobre la muerte de la infante e indicaron que dicho &hellip;<\/p>\n","protected":false},"author":34,"featured_media":158048,"comment_status":"closed","ping_status":"closed","sticky":false,"template":"","format":"standard","meta":{"footnotes":""},"categories":[447,477,597,573,476,457,7541],"tags":[],"class_list":["post-158047","post","type-post","status-publish","format-standard","has-post-thumbnail","","category-local-politica","category-noticias-edulcorantes","category-cinta-de-noticias","category-la-realidad-de-los-acontecimientos-en-siria","category-locales","category-noticias-arabe-internacional-politica","category-ultimas-noticias"],"_links":{"self":[{"href":"https:\/\/archive.sana.sy\/es\/index.php?rest_route=\/wp\/v2\/posts\/158047"}],"collection":[{"href":"https:\/\/archive.sana.sy\/es\/index.php?rest_route=\/wp\/v2\/posts"}],"about":[{"href":"https:\/\/archive.sana.sy\/es\/index.php?rest_route=\/wp\/v2\/types\/post"}],"author":[{"embeddable":true,"href":"https:\/\/archive.sana.sy\/es\/index.php?rest_route=\/wp\/v2\/users\/34"}],"replies":[{"embeddable":true,"href":"https:\/\/archive.sana.sy\/es\/index.php?rest_route=%2Fwp%2Fv2%2Fcomments&post=158047"}],"version-history":[{"count":0,"href":"https:\/\/archive.sana.sy\/es\/index.php?rest_route=\/wp\/v2\/posts\/158047\/revisions"}],"wp:featuredmedia":[{"embeddable":true,"href":"https:\/\/archive.sana.sy\/es\/index.php?rest_route=\/wp\/v2\/media\/158048"}],"wp:attachment":[{"href":"https:\/\/archive.sana.sy\/es\/index.php?rest_route=%2Fwp%2Fv2%2Fmedia&parent=158047"}],"wp:term":[{"taxonomy":"category","embeddable":true,"href":"https:\/\/archive.sana.sy\/es\/index.php?rest_route=%2Fwp%2Fv2%2Fcategories&post=158047"},{"taxonomy":"post_tag","embeddable":true,"href":"https:\/\/archive.sana.sy\/es\/index.php?rest_route=%2Fwp%2Fv2%2Ftags&post=158047"}],"curies":[{"name":"wp","href":"https:\/\/api.w.org\/{rel}","templated":true}]}}