{"id":158053,"date":"2020-11-03T15:36:27","date_gmt":"2020-11-03T13:36:27","guid":{"rendered":"http:\/\/107.6.182.27\/es\/?p=158053"},"modified":"2023-01-10T14:31:16","modified_gmt":"2023-01-10T12:31:16","slug":"relaciones-entre-siria-y-bielorrusia-son-historicas-solidas-y-de-confianza-mutua-afirma-lukashenko","status":"publish","type":"post","link":"https:\/\/archive.sana.sy\/es\/?p=158053","title":{"rendered":"Relaciones entre Siria y Bielorrusia son hist\u00f3ricas, s\u00f3lidas y de confianza mutua, afirma Lukashenko"},"content":{"rendered":"<p style=\"text-align: justify\"><span style=\"color: #800000\"><strong>Minsk, SANA<\/strong><\/span><\/p>\n<p style=\"text-align: justify\">El presidente bielorruso, Alexander Lukashenko, reiter\u00f3 el apoyo de su pa\u00eds a la soberan\u00eda e integridad territorial de Siria y enfatiz\u00f3 la necesidad de la no injerencia en sus asuntos internos.<\/p>\n<p style=\"text-align: justify\"><img loading=\"lazy\" decoding=\"async\" class=\"size-medium wp-image-158054 alignleft\" src=\"http:\/\/107.6.182.27\/es\/wp-content\/uploads\/2020\/11\/4-31-300x197.jpg\" alt=\"\" width=\"300\" height=\"197\" srcset=\"https:\/\/archive.sana.sy\/es\/wp-content\/uploads\/2020\/11\/4-31-300x197.jpg 300w, https:\/\/archive.sana.sy\/es\/wp-content\/uploads\/2020\/11\/4-31-150x98.jpg 150w, https:\/\/archive.sana.sy\/es\/wp-content\/uploads\/2020\/11\/4-31-310x205.jpg 310w, https:\/\/archive.sana.sy\/es\/wp-content\/uploads\/2020\/11\/4-31.jpg 660w\" sizes=\"(max-width: 300px) 100vw, 300px\" \/>Durante la ceremonia efectuada durante su recibimiento a las credenciales del nuevo embajador sirio, Muhammad al-Amrani, y de otros embajadores, el mandatario dijo que Bielorrusia y Siria comparten una s\u00f3lida amistad hist\u00f3rica que se caracteriza por la confianza mutua, y pidi\u00f3 fortalecer esos lazos e intensificar la cooperaci\u00f3n entre los dos pa\u00edses en varios campos.<\/p>\n<p style=\"text-align: justify\">El jefe de Estado elogi\u00f3 los esfuerzos del Estado sirio para restaurar la seguridad y estabilidad en todo su territorio, y explic\u00f3 que estos esfuerzos conducir\u00e1n a una recuperaci\u00f3n econ\u00f3mica y social en el pa\u00eds.<\/p>\n<p style=\"text-align: justify\"><em><span style=\"color: #0000ff\"><strong>fm<\/strong><\/span><\/em><\/p>\n","protected":false},"excerpt":{"rendered":"<p>Minsk, SANA El presidente bielorruso, Alexander Lukashenko, reiter\u00f3 el apoyo de su pa\u00eds a la soberan\u00eda e integridad territorial de Siria y enfatiz\u00f3 la necesidad de la no injerencia en sus asuntos internos. Durante la ceremonia efectuada durante su recibimiento a las credenciales del nuevo embajador sirio, Muhammad al-Amrani, y de otros embajadores, el mandatario &hellip;<\/p>\n","protected":false},"author":34,"featured_media":158056,"comment_status":"closed","ping_status":"closed","sticky":false,"template":"","format":"standard","meta":{"footnotes":""},"categories":[477,447,597,467,583],"tags":[],"class_list":["post-158053","post","type-post","status-publish","format-standard","has-post-thumbnail","","category-noticias-edulcorantes","category-local-politica","category-cinta-de-noticias","category-siria-y-el-mundo","category-slide"],"_links":{"self":[{"href":"https:\/\/archive.sana.sy\/es\/index.php?rest_route=\/wp\/v2\/posts\/158053"}],"collection":[{"href":"https:\/\/archive.sana.sy\/es\/index.php?rest_route=\/wp\/v2\/posts"}],"about":[{"href":"https:\/\/archive.sana.sy\/es\/index.php?rest_route=\/wp\/v2\/types\/post"}],"author":[{"embeddable":true,"href":"https:\/\/archive.sana.sy\/es\/index.php?rest_route=\/wp\/v2\/users\/34"}],"replies":[{"embeddable":true,"href":"https:\/\/archive.sana.sy\/es\/index.php?rest_route=%2Fwp%2Fv2%2Fcomments&post=158053"}],"version-history":[{"count":0,"href":"https:\/\/archive.sana.sy\/es\/index.php?rest_route=\/wp\/v2\/posts\/158053\/revisions"}],"wp:featuredmedia":[{"embeddable":true,"href":"https:\/\/archive.sana.sy\/es\/index.php?rest_route=\/wp\/v2\/media\/158056"}],"wp:attachment":[{"href":"https:\/\/archive.sana.sy\/es\/index.php?rest_route=%2Fwp%2Fv2%2Fmedia&parent=158053"}],"wp:term":[{"taxonomy":"category","embeddable":true,"href":"https:\/\/archive.sana.sy\/es\/index.php?rest_route=%2Fwp%2Fv2%2Fcategories&post=158053"},{"taxonomy":"post_tag","embeddable":true,"href":"https:\/\/archive.sana.sy\/es\/index.php?rest_route=%2Fwp%2Fv2%2Ftags&post=158053"}],"curies":[{"name":"wp","href":"https:\/\/api.w.org\/{rel}","templated":true}]}}