{"id":158087,"date":"2020-11-03T15:51:51","date_gmt":"2020-11-03T13:51:51","guid":{"rendered":"http:\/\/107.6.182.27\/es\/?p=158087"},"modified":"2020-11-03T20:26:16","modified_gmt":"2020-11-03T18:26:16","slug":"conferencia-internacional-sobre-el-retorno-de-los-refugios-sirios-tiene-caracter-puramente-humanitario-confirma-moscu","status":"publish","type":"post","link":"https:\/\/archive.sana.sy\/es\/?p=158087","title":{"rendered":"Pr\u00f3xima conferencia sobre refugiados sirios tiene car\u00e1cter meramente humanitario, confirma Mosc\u00fa"},"content":{"rendered":"<p><span style=\"color: #800000;\">Mosc\u00fa, SANA<\/span><\/p>\n<p style=\"text-align: justify;\">El embajador de la Federaci\u00f3n de Rusia en Jordania, Gleb Desyatnikov, afirm\u00f3 que la conferencia internacional sobre refugiados que se celebrar\u00e1 este mes en Damasco, tiene car\u00e1cter puramente humanitario y tiene como objetivo repatriar a los refugiados y no como promueven y alegan algunas partes que pretenden privar esa cumbre del apoyo internacional.<\/p>\n<p style=\"text-align: justify;\">Entrevistado por la agencia rusa Sputnik, el embajador Desyatnikov asever\u00f3 que el Estado sirio est\u00e1 haciendo todo lo posible para repatriar a los refugiados, pero necesita, en este sentido, una asistencia urgente por parte de los pa\u00edses regionales y la comunidad internacional en general\u201d, explic\u00f3.<\/p>\n<p style=\"text-align: justify;\">Aclar\u00f3 que el regreso voluntario de los refugiados sirios a su tierra constituye una de las prioridades m\u00e1s importantes de Mosc\u00fa en el marco de la soluci\u00f3n de la crisis en Siria.<\/p>\n<p style=\"text-align: justify;\">El 25 del mes pasado, el ministro de Exteriores y Expatriados de Siria, Walid al-Muallem, anunci\u00f3 durante una reuni\u00f3n con el enviado especial la ONU para Siria, Geir Pedersen, que el gobierno sirio ten\u00eda la intenci\u00f3n de celebrar una conferencia internacional sobre los refugiados los d\u00edas 11 y 12 de noviembre, y al mismo tiempo fustig\u00f3 el papel de Occidente en obstaculizar el regreso de los sirios a su pa\u00eds.<\/p>\n<p style=\"text-align: justify;\">Asimismo, el 27 del mes pasado, una delegaci\u00f3n rusa de la Canciller\u00eda y del Ministro de Defensa encabezada por el enviado especial del presidente ruso a Siria, Alexander Lavrentiev, visit\u00f3 Jordania donde sostuvo conversaciones bilaterales con altos funcionarios jordanos.<\/p>\n<p style=\"text-align: justify;\">El jefe de la misi\u00f3n diplom\u00e1tica rusa se\u00f1al\u00f3 al respecto que la delegaci\u00f3n de su pa\u00eds abord\u00f3 con la parte jordana el tema de la conferencia, entre otros temas importantes, y explic\u00f3 que Mosc\u00fa cuenta con una participaci\u00f3n activa de Jordania en la misma.<\/p>\n<p style=\"text-align: justify;\">\n<p style=\"text-align: justify;\"><span style=\"color: #0000ff;\"><em>la\/ fm<\/em><\/span><\/p>\n","protected":false},"excerpt":{"rendered":"<p>Mosc\u00fa, SANA El embajador de la Federaci\u00f3n de Rusia en Jordania, Gleb Desyatnikov, afirm\u00f3 que la conferencia internacional sobre refugiados que se celebrar\u00e1 este mes en Damasco, tiene car\u00e1cter puramente humanitario y tiene como objetivo repatriar a los refugiados y no como promueven y alegan algunas partes que pretenden privar esa cumbre del apoyo internacional. &hellip;<\/p>\n","protected":false},"author":24,"featured_media":158088,"comment_status":"closed","ping_status":"closed","sticky":false,"template":"","format":"standard","meta":{"footnotes":""},"categories":[597,467,7541],"tags":[],"class_list":["post-158087","post","type-post","status-publish","format-standard","has-post-thumbnail","","category-cinta-de-noticias","category-siria-y-el-mundo","category-ultimas-noticias"],"_links":{"self":[{"href":"https:\/\/archive.sana.sy\/es\/index.php?rest_route=\/wp\/v2\/posts\/158087"}],"collection":[{"href":"https:\/\/archive.sana.sy\/es\/index.php?rest_route=\/wp\/v2\/posts"}],"about":[{"href":"https:\/\/archive.sana.sy\/es\/index.php?rest_route=\/wp\/v2\/types\/post"}],"author":[{"embeddable":true,"href":"https:\/\/archive.sana.sy\/es\/index.php?rest_route=\/wp\/v2\/users\/24"}],"replies":[{"embeddable":true,"href":"https:\/\/archive.sana.sy\/es\/index.php?rest_route=%2Fwp%2Fv2%2Fcomments&post=158087"}],"version-history":[{"count":0,"href":"https:\/\/archive.sana.sy\/es\/index.php?rest_route=\/wp\/v2\/posts\/158087\/revisions"}],"wp:featuredmedia":[{"embeddable":true,"href":"https:\/\/archive.sana.sy\/es\/index.php?rest_route=\/wp\/v2\/media\/158088"}],"wp:attachment":[{"href":"https:\/\/archive.sana.sy\/es\/index.php?rest_route=%2Fwp%2Fv2%2Fmedia&parent=158087"}],"wp:term":[{"taxonomy":"category","embeddable":true,"href":"https:\/\/archive.sana.sy\/es\/index.php?rest_route=%2Fwp%2Fv2%2Fcategories&post=158087"},{"taxonomy":"post_tag","embeddable":true,"href":"https:\/\/archive.sana.sy\/es\/index.php?rest_route=%2Fwp%2Fv2%2Ftags&post=158087"}],"curies":[{"name":"wp","href":"https:\/\/api.w.org\/{rel}","templated":true}]}}