{"id":158476,"date":"2020-11-06T16:37:58","date_gmt":"2020-11-06T14:37:58","guid":{"rendered":"http:\/\/107.6.182.27\/es\/?p=158476"},"modified":"2020-11-06T17:48:29","modified_gmt":"2020-11-06T15:48:29","slug":"muere-un-miliciano-de-las-fds-en-ataque-en-el-noreste-de-siria","status":"publish","type":"post","link":"https:\/\/archive.sana.sy\/es\/?p=158476","title":{"rendered":"Muere un miliciano de las FDS en ataque en el noreste de Siria"},"content":{"rendered":"<p><span style=\"color: #800000;\">Raqa-Deir Ezzor, SANA<\/span><\/p>\n<p style=\"text-align: justify;\">Un integrante de la milicia \u201cFDS\u201d, apoyada por las fuerzas de ocupaci\u00f3n estadounidenses, muri\u00f3 y otros resultaron heridos en dos ataques separados que tuvieron lugar en las provincias de Raqa y Deir Ezzor.<\/p>\n<p style=\"text-align: justify;\">Fuentes locales informaron a SANA que desconocidos armados atacaron con explosivos a un veh\u00edculo que transportaba a hombres armados de la milicia en las cercan\u00edas de la prisi\u00f3n central en Raqa, hiriendo a varios de ellos y da\u00f1ando su autom\u00f3vil.<\/p>\n<p style=\"text-align: justify;\">En el campo de refugiados de Al-Hol al sur de Hasakeh, un miliciano de la FDS muri\u00f3 por disparos de armados no identificados.<\/p>\n<p style=\"text-align: justify;\"><em>mm\/ fm<\/em><\/p>\n","protected":false},"excerpt":{"rendered":"<p>Raqa-Deir Ezzor, SANA Un integrante de la milicia \u201cFDS\u201d, apoyada por las fuerzas de ocupaci\u00f3n estadounidenses, muri\u00f3 y otros resultaron heridos en dos ataques separados que tuvieron lugar en las provincias de Raqa y Deir Ezzor. Fuentes locales informaron a SANA que desconocidos armados atacaron con explosivos a un veh\u00edculo que transportaba a hombres armados &hellip;<\/p>\n","protected":false},"author":36,"featured_media":158477,"comment_status":"closed","ping_status":"closed","sticky":false,"template":"","format":"standard","meta":{"footnotes":""},"categories":[597,573,7541],"tags":[],"class_list":["post-158476","post","type-post","status-publish","format-standard","has-post-thumbnail","","category-cinta-de-noticias","category-la-realidad-de-los-acontecimientos-en-siria","category-ultimas-noticias"],"_links":{"self":[{"href":"https:\/\/archive.sana.sy\/es\/index.php?rest_route=\/wp\/v2\/posts\/158476"}],"collection":[{"href":"https:\/\/archive.sana.sy\/es\/index.php?rest_route=\/wp\/v2\/posts"}],"about":[{"href":"https:\/\/archive.sana.sy\/es\/index.php?rest_route=\/wp\/v2\/types\/post"}],"author":[{"embeddable":true,"href":"https:\/\/archive.sana.sy\/es\/index.php?rest_route=\/wp\/v2\/users\/36"}],"replies":[{"embeddable":true,"href":"https:\/\/archive.sana.sy\/es\/index.php?rest_route=%2Fwp%2Fv2%2Fcomments&post=158476"}],"version-history":[{"count":0,"href":"https:\/\/archive.sana.sy\/es\/index.php?rest_route=\/wp\/v2\/posts\/158476\/revisions"}],"wp:featuredmedia":[{"embeddable":true,"href":"https:\/\/archive.sana.sy\/es\/index.php?rest_route=\/wp\/v2\/media\/158477"}],"wp:attachment":[{"href":"https:\/\/archive.sana.sy\/es\/index.php?rest_route=%2Fwp%2Fv2%2Fmedia&parent=158476"}],"wp:term":[{"taxonomy":"category","embeddable":true,"href":"https:\/\/archive.sana.sy\/es\/index.php?rest_route=%2Fwp%2Fv2%2Fcategories&post=158476"},{"taxonomy":"post_tag","embeddable":true,"href":"https:\/\/archive.sana.sy\/es\/index.php?rest_route=%2Fwp%2Fv2%2Ftags&post=158476"}],"curies":[{"name":"wp","href":"https:\/\/api.w.org\/{rel}","templated":true}]}}