{"id":158479,"date":"2020-11-06T16:51:01","date_gmt":"2020-11-06T14:51:01","guid":{"rendered":"http:\/\/107.6.182.27\/es\/?p=158479"},"modified":"2020-11-06T17:16:12","modified_gmt":"2020-11-06T15:16:12","slug":"ministro-de-electricidad-anuncia-regreso-de-electricidad-a-todas-las-provincias","status":"publish","type":"post","link":"https:\/\/archive.sana.sy\/es\/?p=158479","title":{"rendered":"Ministro de Electricidad anuncia regreso de electricidad a todas las provincias"},"content":{"rendered":"<p><span style=\"color: #800000;\">Damasco, SANA<\/span><\/p>\n<p style=\"text-align: justify;\">El ministro sirio de Electricidad, Ing. Ghassan Al-Zamil, anunci\u00f3 el regreso de la electricidad a todas las gobernaciones despu\u00e9s de reparar una aver\u00eda en la red el\u00e9ctrica provoc\u00f3 un corte general de Electricidad en Siria.<\/p>\n<p style=\"text-align: justify;\">En una declaraci\u00f3n a SANA, Al-Zamil explic\u00f3 que el retorno de la corriente el\u00e9ctrica a su estado normal tendr\u00e1 lugar esta noche.<\/p>\n<p style=\"text-align: justify;\">Agreg\u00f3 que normalmente el apag\u00f3n general necesita 24 horas para volver a su estado anterior, pero gracias a la destacada actuaci\u00f3n y coordinaci\u00f3n del personal t\u00e9cnico, se ha logrado recuperar el 60 % del funcionamiento de la red hasta esta tarde y el servicio total se recuperar\u00e1 esta noche de este viernes.<\/p>\n<p style=\"text-align: justify;\">Anteriormente, el Ministerio de Electricidad anunci\u00f3 que una aver\u00eda en la red el\u00e9ctrica provoc\u00f3 un corte general de Electricidad en toda Siria.<\/p>\n<p style=\"text-align: justify;\">En un comunicado, el Ministerio explic\u00f3 que se est\u00e1 trabajando para restablecer el servicio el\u00e9ctrico gradualmente.<\/p>\n<p><em>mm<\/em><\/p>\n<p>&nbsp;<\/p>\n","protected":false},"excerpt":{"rendered":"<p>Damasco, SANA El ministro sirio de Electricidad, Ing. Ghassan Al-Zamil, anunci\u00f3 el regreso de la electricidad a todas las gobernaciones despu\u00e9s de reparar una aver\u00eda en la red el\u00e9ctrica provoc\u00f3 un corte general de Electricidad en Siria. En una declaraci\u00f3n a SANA, Al-Zamil explic\u00f3 que el retorno de la corriente el\u00e9ctrica a su estado normal &hellip;<\/p>\n","protected":false},"author":36,"featured_media":158480,"comment_status":"closed","ping_status":"closed","sticky":false,"template":"","format":"standard","meta":{"footnotes":""},"categories":[597,476,7541],"tags":[],"class_list":["post-158479","post","type-post","status-publish","format-standard","has-post-thumbnail","","category-cinta-de-noticias","category-locales","category-ultimas-noticias"],"_links":{"self":[{"href":"https:\/\/archive.sana.sy\/es\/index.php?rest_route=\/wp\/v2\/posts\/158479"}],"collection":[{"href":"https:\/\/archive.sana.sy\/es\/index.php?rest_route=\/wp\/v2\/posts"}],"about":[{"href":"https:\/\/archive.sana.sy\/es\/index.php?rest_route=\/wp\/v2\/types\/post"}],"author":[{"embeddable":true,"href":"https:\/\/archive.sana.sy\/es\/index.php?rest_route=\/wp\/v2\/users\/36"}],"replies":[{"embeddable":true,"href":"https:\/\/archive.sana.sy\/es\/index.php?rest_route=%2Fwp%2Fv2%2Fcomments&post=158479"}],"version-history":[{"count":0,"href":"https:\/\/archive.sana.sy\/es\/index.php?rest_route=\/wp\/v2\/posts\/158479\/revisions"}],"wp:featuredmedia":[{"embeddable":true,"href":"https:\/\/archive.sana.sy\/es\/index.php?rest_route=\/wp\/v2\/media\/158480"}],"wp:attachment":[{"href":"https:\/\/archive.sana.sy\/es\/index.php?rest_route=%2Fwp%2Fv2%2Fmedia&parent=158479"}],"wp:term":[{"taxonomy":"category","embeddable":true,"href":"https:\/\/archive.sana.sy\/es\/index.php?rest_route=%2Fwp%2Fv2%2Fcategories&post=158479"},{"taxonomy":"post_tag","embeddable":true,"href":"https:\/\/archive.sana.sy\/es\/index.php?rest_route=%2Fwp%2Fv2%2Ftags&post=158479"}],"curies":[{"name":"wp","href":"https:\/\/api.w.org\/{rel}","templated":true}]}}