{"id":158483,"date":"2020-11-06T17:42:22","date_gmt":"2020-11-06T15:42:22","guid":{"rendered":"http:\/\/107.6.182.27\/es\/?p=158483"},"modified":"2023-01-12T14:42:43","modified_gmt":"2023-01-12T12:42:43","slug":"baku-anuncia-controlar-200-localidades-en-karabaj-y-armenia-acusa-a-azerbaiyan-de-cometer-crimenes-de-guerra","status":"publish","type":"post","link":"https:\/\/archive.sana.sy\/es\/?p=158483","title":{"rendered":"Bak\u00fa anuncia controlar 200 localidades en Karabaj \u2026 y Armenia acusa a Azerbaiy\u00e1n de usar mercenarios extranjeros"},"content":{"rendered":"<p><span style=\"color: #800000;\">Bak\u00fa-Erev\u00e1n, SANA<\/span><\/p>\n<p style=\"text-align: justify;\">Azerbaiy\u00e1n anunci\u00f3 hoy que sus fuerzas han tomado el control de m\u00e1s de 200 localidades en la regi\u00f3n de Nagorno-Karabaj desde el comienzo de los combates en septiembre pasado, mientras que Armenia acus\u00f3 a las fuerzas azerbaiyanas de cometer cr\u00edmenes de guerra en la regi\u00f3n, as\u00ed como\u00a0usar mercenarios extranjeros<\/p>\n<p style=\"text-align: justify;\">El portal informativo, Russia Today, cit\u00f3 al presidente de Azerbaiy\u00e1n, Ilham Aliyev, diciendo: &#8220;Nuestras fuerzas han tomado el control de 7 nuevas aldeas en las gobernaciones de Jebrayel y Zinkelan Qubadli en Karabaj&#8221;.<\/p>\n<p style=\"text-align: justify;\">A su vez, el Primer Ministro de Azerbaiy\u00e1n Ali Asadov dijo durante una reuni\u00f3n del Consejo de Jefes de Gobierno de los Estados Miembros de la Comunidad de Estados Independientes (CEI) que \u201chasta ahora se han liberado 4 ciudades, 3 localidades y m\u00e1s de 200 puntos poblados\u201d, acusando a Armenia de intentar implicar a otros pa\u00edses, especialmente a los miembros de la Organizaci\u00f3n del Tratado de Seguridad Colectiva en el conflicto de la regi\u00f3n.<\/p>\n<p style=\"text-align: justify;\">Por su parte, el Ministerio de Defensa de Azerbaiy\u00e1n declar\u00f3 que las fuerzas armenias se retiraron de sus posiciones en el eje Qubadli, al sur de Karabaj, bajo los ataques del ej\u00e9rcito azerbaiyano, negando las acusaciones de Armenia de que el ej\u00e9rcito azerbaiyano bombarde\u00f3 la capital de Karabaj Stepanakert.<\/p>\n<p style=\"text-align: justify;\">Mientras tanto, Meher Gregorian, viceprimer ministro de Armenia, declar\u00f3 durante la reuni\u00f3n de jefes de gobierno de los estados miembros de la (CEI), que \u201cAzerbaiy\u00e1n, con el apoyo pol\u00edtico y militar directo de Turqu\u00eda, y mediante el uso de terroristas de Siria y Libia, est\u00e1 cometiendo cr\u00edmenes de guerra en Karabaj\u201d.<\/p>\n<p style=\"text-align: justify;\">&#8220;Los mercenarios que luchan con las fuerzas azerbaiyanas est\u00e1n adoptando m\u00e9todos de grupos terroristas, como tortura, ejecuciones, decapitaciones y mutilaci\u00f3n de cad\u00e1veres&#8221;, dijo Grigoryan, agregando que el historial de liderazgo azerbaiyano est\u00e1 lleno de cr\u00edmenes de guerra.<\/p>\n<p style=\"text-align: justify;\">Seg\u00fan Grigoryan, Azerbaiy\u00e1n se ha convertido ante los ojos de todos en un punto de apoyo para la infiltraci\u00f3n de terroristas y su ideolog\u00eda en el espacio de la (CEI).<\/p>\n<p style=\"text-align: justify;\">Por su parte, el Ministerio de Defensa de Armenia anunci\u00f3 la destrucci\u00f3n de un dron azerbaiyano en el sureste de Karabaj.<\/p>\n<p><em>mm<\/em><\/p>\n","protected":false},"excerpt":{"rendered":"<p>Bak\u00fa-Erev\u00e1n, SANA Azerbaiy\u00e1n anunci\u00f3 hoy que sus fuerzas han tomado el control de m\u00e1s de 200 localidades en la regi\u00f3n de Nagorno-Karabaj desde el comienzo de los combates en septiembre pasado, mientras que Armenia acus\u00f3 a las fuerzas azerbaiyanas de cometer cr\u00edmenes de guerra en la regi\u00f3n, as\u00ed como\u00a0usar mercenarios extranjeros El portal informativo, Russia &hellip;<\/p>\n","protected":false},"author":36,"featured_media":158484,"comment_status":"closed","ping_status":"closed","sticky":false,"template":"","format":"standard","meta":{"footnotes":""},"categories":[597,456,457],"tags":[],"class_list":["post-158483","post","type-post","status-publish","format-standard","has-post-thumbnail","","category-cinta-de-noticias","category-arabe-internacional-politica","category-noticias-arabe-internacional-politica"],"_links":{"self":[{"href":"https:\/\/archive.sana.sy\/es\/index.php?rest_route=\/wp\/v2\/posts\/158483"}],"collection":[{"href":"https:\/\/archive.sana.sy\/es\/index.php?rest_route=\/wp\/v2\/posts"}],"about":[{"href":"https:\/\/archive.sana.sy\/es\/index.php?rest_route=\/wp\/v2\/types\/post"}],"author":[{"embeddable":true,"href":"https:\/\/archive.sana.sy\/es\/index.php?rest_route=\/wp\/v2\/users\/36"}],"replies":[{"embeddable":true,"href":"https:\/\/archive.sana.sy\/es\/index.php?rest_route=%2Fwp%2Fv2%2Fcomments&post=158483"}],"version-history":[{"count":0,"href":"https:\/\/archive.sana.sy\/es\/index.php?rest_route=\/wp\/v2\/posts\/158483\/revisions"}],"wp:featuredmedia":[{"embeddable":true,"href":"https:\/\/archive.sana.sy\/es\/index.php?rest_route=\/wp\/v2\/media\/158484"}],"wp:attachment":[{"href":"https:\/\/archive.sana.sy\/es\/index.php?rest_route=%2Fwp%2Fv2%2Fmedia&parent=158483"}],"wp:term":[{"taxonomy":"category","embeddable":true,"href":"https:\/\/archive.sana.sy\/es\/index.php?rest_route=%2Fwp%2Fv2%2Fcategories&post=158483"},{"taxonomy":"post_tag","embeddable":true,"href":"https:\/\/archive.sana.sy\/es\/index.php?rest_route=%2Fwp%2Fv2%2Ftags&post=158483"}],"curies":[{"name":"wp","href":"https:\/\/api.w.org\/{rel}","templated":true}]}}