{"id":158502,"date":"2020-11-06T18:55:35","date_gmt":"2020-11-06T16:55:35","guid":{"rendered":"http:\/\/107.6.182.27\/es\/?p=158502"},"modified":"2023-01-12T14:42:43","modified_gmt":"2023-01-12T12:42:43","slug":"maher-al-akhras-suspende-su-huelga-de-hambre-tras-su-victoria-en-la-batalla-de-voluntad-contra-la-ocupacion","status":"publish","type":"post","link":"https:\/\/archive.sana.sy\/es\/?p=158502","title":{"rendered":"Maher Al-Akhras vence en su batalla y pone fin a 103 d\u00edas de huelga de hambre"},"content":{"rendered":"<p><span style=\"color: #800000;\">Jerusal\u00e9n ocupada, SANA<\/span><\/p>\n<p style=\"text-align: justify;\">El prisionero palestino Maher Al-Akhras puso fin hoy a su huelga de hambre, que dur\u00f3 103 d\u00edas, despu\u00e9s de que las autoridades de ocupaci\u00f3n israel\u00edes cedieron a sus demandas y lo liberaran tras 103 d\u00edas de huelga de hambre.<\/p>\n<p style=\"text-align: justify;\">El Club de Prisioneros Palestinos anunci\u00f3 por medio de un comunicado que se hab\u00eda llegado a un acuerdo que obliga a las autoridades de ocupaci\u00f3n liberar al prisionero Maher Al-Akhras el 26 de este noviembre.<\/p>\n<p style=\"text-align: justify;\">A su vez, el prisionero Al-Akhras agradeci\u00f3 al pueblo palestino, las organizaciones de derechos humanos y las fuerzas amantes de la libertad en todas partes del mundo por su respaldo y estar a su lado durante la huelga de hambre.<\/p>\n<p style=\"text-align: justify;\">Cabe destacar que el prisionero Maher Al-Akhras, de 49 a\u00f1os de edad, inici\u00f3 una huelga de hambre desde la fecha de su arresto el 27 del pasado julio de 2020 en protesta por las violaciones y cr\u00edmenes de la ocupaci\u00f3n israel\u00ed contra los prisioneros palestinos.<\/p>\n<p><em>mm\/fm<\/em><\/p>\n","protected":false},"excerpt":{"rendered":"<p>Jerusal\u00e9n ocupada, SANA El prisionero palestino Maher Al-Akhras puso fin hoy a su huelga de hambre, que dur\u00f3 103 d\u00edas, despu\u00e9s de que las autoridades de ocupaci\u00f3n israel\u00edes cedieron a sus demandas y lo liberaran tras 103 d\u00edas de huelga de hambre. El Club de Prisioneros Palestinos anunci\u00f3 por medio de un comunicado que se &hellip;<\/p>\n","protected":false},"author":36,"featured_media":158507,"comment_status":"closed","ping_status":"closed","sticky":false,"template":"","format":"standard","meta":{"footnotes":""},"categories":[597,456,457],"tags":[],"class_list":["post-158502","post","type-post","status-publish","format-standard","has-post-thumbnail","","category-cinta-de-noticias","category-arabe-internacional-politica","category-noticias-arabe-internacional-politica"],"_links":{"self":[{"href":"https:\/\/archive.sana.sy\/es\/index.php?rest_route=\/wp\/v2\/posts\/158502"}],"collection":[{"href":"https:\/\/archive.sana.sy\/es\/index.php?rest_route=\/wp\/v2\/posts"}],"about":[{"href":"https:\/\/archive.sana.sy\/es\/index.php?rest_route=\/wp\/v2\/types\/post"}],"author":[{"embeddable":true,"href":"https:\/\/archive.sana.sy\/es\/index.php?rest_route=\/wp\/v2\/users\/36"}],"replies":[{"embeddable":true,"href":"https:\/\/archive.sana.sy\/es\/index.php?rest_route=%2Fwp%2Fv2%2Fcomments&post=158502"}],"version-history":[{"count":0,"href":"https:\/\/archive.sana.sy\/es\/index.php?rest_route=\/wp\/v2\/posts\/158502\/revisions"}],"wp:featuredmedia":[{"embeddable":true,"href":"https:\/\/archive.sana.sy\/es\/index.php?rest_route=\/wp\/v2\/media\/158507"}],"wp:attachment":[{"href":"https:\/\/archive.sana.sy\/es\/index.php?rest_route=%2Fwp%2Fv2%2Fmedia&parent=158502"}],"wp:term":[{"taxonomy":"category","embeddable":true,"href":"https:\/\/archive.sana.sy\/es\/index.php?rest_route=%2Fwp%2Fv2%2Fcategories&post=158502"},{"taxonomy":"post_tag","embeddable":true,"href":"https:\/\/archive.sana.sy\/es\/index.php?rest_route=%2Fwp%2Fv2%2Ftags&post=158502"}],"curies":[{"name":"wp","href":"https:\/\/api.w.org\/{rel}","templated":true}]}}