{"id":15852,"date":"2015-01-11T19:40:31","date_gmt":"2015-01-11T17:40:31","guid":{"rendered":"http:\/\/www.sana.sy\/es\/?p=15852"},"modified":"2015-01-11T20:56:22","modified_gmt":"2015-01-11T18:56:22","slug":"el-secretario-de-estado-de-la-santa-sede-destaca-la-indispensabilidad-del-dialogo-nacional-para-resolver-la-crisis-siria","status":"publish","type":"post","link":"https:\/\/archive.sana.sy\/es\/?p=15852","title":{"rendered":"El Secretario de Estado de la Santa Sede destaca la indispensabilidad del di\u00e1logo nacional para resolver la crisis siria"},"content":{"rendered":"<p>El Vaticano, SANA<\/p>\n<p>El embajador de Siria en el Vaticano, Hussam Addin Ala examin\u00f3 hoy domingo con el secretario de Estado de la Santa Sede, cardenal Pietro Parolin, la situaci\u00f3n en Siria y los \u00faltimos acontecimientos a nivel regional e internacional bajo el crecimiento de los peligros del terrorismo.<\/p>\n<p>El Cardenal Parolin expres\u00f3 la preocupaci\u00f3n del Sumo Pont\u00edfice por la situaci\u00f3n humanitaria en Siria resultante de los actos de violencia y terrorismo, recalcando que la soluci\u00f3n de la crisis siria se alcanza a trav\u00e9s de entablar un di\u00e1logo entre los sirios.<\/p>\n<p>A su vez, el embajador Ala apreci\u00f3 en nombre de Siria, las oraciones oficiadas por el Papa Francisco para el restablecimiento de la seguridad en la misma, y sus posturas en rechazo de las amenazas e injerencias extranjeras en sus asuntos interiores.<\/p>\n<p>Ala hizo hincapi\u00e9 en que el Estado sirio se esfuerza para cumplir su deber constitucional en la protecci\u00f3n de sus ciudadanos de los cr\u00edmenes del terrorismo que est\u00e1n alcanzando a todos los espectros del pueblo sirio.<\/p>\n<p>En este contexto, acot\u00f3 que las \u00faltimas evoluciones en los escenarios regional e internacional corroboran que Siria ten\u00eda raz\u00f3n cuando advirti\u00f3 de que el terrorismo se volviera m\u00e1s temprano que tarde contra los pa\u00edses que lo apoyan.<\/p>\n<p>En este sentido destac\u00f3 la importancia de aunar esfuerzos a nivel tanto regional como internacional y obligar a los pa\u00edses que apoyan el terrorismo a cumplir con las resoluciones pertinentes del Consejo de Seguridad Internacional para garantizar el \u00e9xito de la lucha contra el terrorismo.<\/p>\n<p>El alto diplom\u00e1tico sirio se\u00f1al\u00f3 que los avances logrados por el ej\u00e9rcito sirio sobre el terreno contra las organizaciones terroristas y el \u00e9xito de los esfuerzos de reconciliaci\u00f3n en varias zonas sirias est\u00e1n contribuyendo a restaurar la seguridad a dichas \u00e1reas y allanar el camino para un di\u00e1logo intersirio que realice las aspiraciones del pueblo sirio lejos de las agendas pol\u00edticas de los pa\u00edses occidentales.<\/p>\n<p>Lynn A., Riyad Sh.<\/p>\n","protected":false},"excerpt":{"rendered":"<p>El Vaticano, SANA El embajador de Siria en el Vaticano, Hussam Addin Ala examin\u00f3 hoy domingo con el secretario de Estado de la Santa Sede, cardenal Pietro Parolin, la situaci\u00f3n en Siria y los \u00faltimos acontecimientos a nivel regional e internacional bajo el crecimiento de los peligros del terrorismo. El Cardenal Parolin expres\u00f3 la preocupaci\u00f3n &hellip;<\/p>\n","protected":false},"author":24,"featured_media":15853,"comment_status":"closed","ping_status":"closed","sticky":false,"template":"","format":"standard","meta":{"footnotes":""},"categories":[597,456,457,467],"tags":[3583],"class_list":["post-15852","post","type-post","status-publish","format-standard","has-post-thumbnail","","category-cinta-de-noticias","category-arabe-internacional-politica","category-noticias-arabe-internacional-politica","category-siria-y-el-mundo","tag-el-secretario-de-estado-de-la-santa-sede-destaca-la-indispensabilidad-del-dialogo-nacional-para-resolver-la-crisis-siria"],"_links":{"self":[{"href":"https:\/\/archive.sana.sy\/es\/index.php?rest_route=\/wp\/v2\/posts\/15852"}],"collection":[{"href":"https:\/\/archive.sana.sy\/es\/index.php?rest_route=\/wp\/v2\/posts"}],"about":[{"href":"https:\/\/archive.sana.sy\/es\/index.php?rest_route=\/wp\/v2\/types\/post"}],"author":[{"embeddable":true,"href":"https:\/\/archive.sana.sy\/es\/index.php?rest_route=\/wp\/v2\/users\/24"}],"replies":[{"embeddable":true,"href":"https:\/\/archive.sana.sy\/es\/index.php?rest_route=%2Fwp%2Fv2%2Fcomments&post=15852"}],"version-history":[{"count":0,"href":"https:\/\/archive.sana.sy\/es\/index.php?rest_route=\/wp\/v2\/posts\/15852\/revisions"}],"wp:featuredmedia":[{"embeddable":true,"href":"https:\/\/archive.sana.sy\/es\/index.php?rest_route=\/wp\/v2\/media\/15853"}],"wp:attachment":[{"href":"https:\/\/archive.sana.sy\/es\/index.php?rest_route=%2Fwp%2Fv2%2Fmedia&parent=15852"}],"wp:term":[{"taxonomy":"category","embeddable":true,"href":"https:\/\/archive.sana.sy\/es\/index.php?rest_route=%2Fwp%2Fv2%2Fcategories&post=15852"},{"taxonomy":"post_tag","embeddable":true,"href":"https:\/\/archive.sana.sy\/es\/index.php?rest_route=%2Fwp%2Fv2%2Ftags&post=15852"}],"curies":[{"name":"wp","href":"https:\/\/api.w.org\/{rel}","templated":true}]}}