{"id":158610,"date":"2020-11-08T14:43:05","date_gmt":"2020-11-08T12:43:05","guid":{"rendered":"http:\/\/107.6.182.27\/es\/?p=158610"},"modified":"2023-01-10T15:14:43","modified_gmt":"2023-01-10T13:14:43","slug":"resumen-semanal-del-acontecer-economico-de-siria-4","status":"publish","type":"post","link":"https:\/\/archive.sana.sy\/es\/?p=158610","title":{"rendered":"Resumen semanal del acontecer econ\u00f3mico de Siria."},"content":{"rendered":"<p style=\"text-align: justify;\"><strong><span style=\"color: #800000;\">Provincias, SANA<\/span><\/strong><\/p>\n<p style=\"text-align: justify;\"><strong>Siria se esfuerza por avanzar en la reconstrucci\u00f3n y recuperaci\u00f3n pese al injusto bloqueo y las sanciones impuestas por EE.UU y la Uni\u00f3n Europea.<\/strong><\/p>\n<p style=\"text-align: justify;\"><strong><span style=\"color: #0000ff;\">Presidente al-Assad decreta aumento salarial para trabajadores en el sector educativo<\/span><\/strong><\/p>\n<p style=\"text-align: justify;\">El presidente Bashar Al Assad, emiti\u00f3 el Decreto Legislativo No. 28 para el a\u00f1o 2020 que otorga a los trabajadores con puestos educativos en las provincias de Alepo, Raqa, Deir Ezzor y Hasakeh (excepto en las cabeceras provinciales) una indemnizaci\u00f3n por trabajar en lugares apartados que equivale al 25 por ciento del salario mensual.<\/p>\n<p style=\"text-align: justify;\">El presidente promulg\u00f3 tambi\u00e9n el Decreto Legislativo No. 27 para el a\u00f1o 2020 que concede a los educadores del Ministerio de Educaci\u00f3n una compensaci\u00f3n mensual que equivale al 40 por ciento del salario mensual vigente, y a los trabajadores administrativos un aumento del 10%.<\/p>\n<p style=\"text-align: justify;\"><span style=\"color: #0000ff;\"><strong>Siria reconstruye vital l\u00ednea ferroviaria entre Alepo y Damasco<\/strong><\/span><\/p>\n<p style=\"text-align: justify;\">Las autoridades del transporte ferroviario de Siria trabajan para completar la reconstrucci\u00f3n de una l\u00ednea ferrea de 400 kil\u00f3metros de longitud que conecta las ciudades de Alepo en el norte y Damasco al sur.<\/p>\n<p style=\"text-align: justify;\">Los trabajadores y t\u00e9cnicos realizan una labor ardua y en medio de dif\u00edciles condiciones clim\u00e1ticas y limitados recursos debido al bloqueo, adem\u00e1s del peligro de las minas y explosivos sembrados por terroristas, dijo Najib Fares, director general de la Empresa de Ferrocarriles.<\/p>\n<p style=\"text-align: justify;\">Revel\u00f3 que la l\u00ednea f\u00e9rrea sufri\u00f3 considerables da\u00f1os a consecuencia de las acciones de terrorismo y sabotaje durante los a\u00f1os de ocupaci\u00f3n de las agrupaciones radicales.<\/p>\n<p style=\"text-align: justify;\">El desaf\u00edo es multiplicado porque trabajamos con equipos viejos y en ausencia de herramientas modernas debido a la imposibilidad de adquirirlas por el bloqueo y las sanciones econ\u00f3mica, denunci\u00f3 Fares.<\/p>\n<p style=\"text-align: justify;\">Agreg\u00f3 que esta l\u00ednea es vital y constituye una arteria para el comercio y el transporte de pasajeros entre la capital econ\u00f3mica Alepo y Damasco, y su puesta en funcionamiento proporcionar\u00e1 significativos ahorros para los sectores p\u00fablico y privado.<\/p>\n<p style=\"text-align: justify;\">En cuanto a los proyectos de reconstrucci\u00f3n concluidos, dijo que fueron puestos en servicios la l\u00ednea ferroviaria entre las minas de fosfatos en Homs y Tartous, y se reanud\u00f3 el transporte de cereales por trenes entre los puertos sirios y Damasco. Hemos establecido centros de reparaci\u00f3n y mantenimiento en Tartous, Homs y Alepo para realizar reparaciones peri\u00f3dicas y de emergencia a los trenes, remarc\u00f3<\/p>\n<p style=\"text-align: justify;\">El transporte ferroviario en Siria fue paralizado por completo entre los a\u00f1os 2012 y 2018 debido a la ocupaci\u00f3n de terroristas de extensas zonas y el saqueo y la destrucci\u00f3n que sufrieron las instalaciones de este sector.<\/p>\n<p style=\"text-align: justify;\"><strong><span style=\"color: #0000ff;\">A\u00f1o del Trigo, Siria aprueba plan para incrementar su producci\u00f3n de trigo<\/span><\/strong><\/p>\n<p style=\"text-align: justify;\">El Ministerio de Agricultura y Reforma Agraria revel\u00f3 que el a\u00f1o en curso ser\u00e1 el &#8220;A\u00f1o del Trigo&#8221;, seg\u00fan el plan aprobado para la temporada 2020-2021 y en el que se han destinado todos los recursos para alcanzar una mayor producci\u00f3n de este cereal estrat\u00e9gico considerado como el garante de la seguridad alimentaria de Siria.<\/p>\n<p style=\"text-align: justify;\">El Director de Planificaci\u00f3n Agr\u00edcola del Ministerio, Haitham Haidar, explica que el referido plan tiene como objetivo alentar a los agricultores para que cultiven la mayor \u00e1rea posible de sus tierras con este rubro.<\/p>\n<p style=\"text-align: justify;\">El plan incluye incrementar el \u00e1rea regada en 22 mil hect\u00e1reas con respecto a la temporada pasada, adem\u00e1s de garantizar los requerimientos de producci\u00f3n, desarrollar la investigaci\u00f3n cient\u00edfica y continuar adoptando nuevas variedades de trigo con alta productividad y resistencia a las enfermedades y la sequ\u00eda.<\/p>\n<p style=\"text-align: justify;\">\u201cA pesar de las dificultades de importaci\u00f3n como resultado del injusto bloqueo econ\u00f3mico, el Ministerio pudo asegurar el 50 por ciento de los fertilizantes necesarios\u201d, explic\u00f3 Haidar.<\/p>\n<p style=\"text-align: justify;\">En el mismo contexto, el subdirector de la Empresa de Multiplicaci\u00f3n de Semillas, Hussein Hajj Abdo, confirm\u00f3 la adquisici\u00f3n de 83 mil toneladas de semillas de trigo esterilizadas.<\/p>\n<p style=\"text-align: justify;\"><strong><span style=\"color: #0000ff;\">Completan reconstrucci\u00f3n de siete escuelas en las zonas liberadas del terrorismo en provincia de Idlib<\/span><\/strong><\/p>\n<p style=\"text-align: justify;\">La Empresa Estatal de Construcci\u00f3n en la provincia central de Hama complet\u00f3 las obras de reconstrucci\u00f3n de siete escuelas de educaci\u00f3n b\u00e1sica y del edificio de Salud Escolar en el sur de la provincia septentrional de Idlib, liberado del terrorismo.<\/p>\n<p style=\"text-align: justify;\">El jefe de la sucursal de la referida empresa en Hama, GhayathAjamiyah, declar\u00f3 a SANA, que las obras de rehabilitaci\u00f3n abarcaron las escuelas de las localidades de Benin, Abu Duhur, Tal Maraq, Baraghithi, Al Wasitah Al Gharbia, Al Hamdaniya y Abu Daly.<\/p>\n<p style=\"text-align: justify;\">\u201cEsas escuelas sufrieron considerables da\u00f1os a consecuencia del terrorismo y fueron sometidas a obras de rehabilitaci\u00f3n que incluyeron aulas, plazas, liberar\u00edas y laboratorios\u201d, afirm\u00f3.<\/p>\n<p style=\"text-align: justify;\">A\u00f1adi\u00f3 que la empresa contin\u00faa con pasos acelerados los trabajos de reconstrucci\u00f3n de ocho escuelas en el campo liberado de la provincia de Hama, mientras concluyeron las obras de rehabilitaci\u00f3n del centro de salud escolar y fue entregado al Departamento de Educaci\u00f3n de Idlib.<\/p>\n<p style=\"text-align: justify;\">Las localidades del sur de la provincia de Idlib fueron liberadas a principios del a\u00f1os en curso tras intensos operaciones del ej\u00e9rcito sirio.<\/p>\n<p style=\"text-align: justify;\">Las instituciones estatales trabajan para restablecer la infraestructura de servicios en las zonas liberadas para facilitar el retorno de los desplazados a sus hogares.<\/p>\n<p style=\"text-align: justify;\"><span style=\"color: #0000ff;\"><strong>Clausura feria \u201cProductores 2020\u201d con la firma de decenas de contratos para comercializar productos de participantes<\/strong><\/span><\/p>\n<p style=\"text-align: justify;\">Clausur\u00f3 hoy la Feria \u201cProductos 2020\u201d que fue organizada durante cinco d\u00edas en el complejo hist\u00f3rico de Tekkiye Sulaymaniyah en la capital Damasco.<\/p>\n<p style=\"text-align: justify;\">Participaron en este evento cerca de 138 productores que expusieron los productos de 77 peque\u00f1os proyectos de industrias de textiles, artesan\u00edas tradicionales, cuero, alimentos y muebles.<\/p>\n<p style=\"text-align: justify;\">Durante las jornadas de la feria, se sostuvieron encuentros y se firmaron contratos entre los j\u00f3venes productores de Alepo y comerciantes, empresarios y clientes que visitaron la feria.<\/p>\n<p style=\"text-align: justify;\">Tambi\u00e9n, se crearon alianzas de producci\u00f3n y comercializaci\u00f3n, adem\u00e1s de la firma de contratos para exportar algunos de los productos al exterior.<\/p>\n<p style=\"text-align: justify;\"><span style=\"color: #0000ff;\"><strong>\u201cSiria volver\u00e1 a florecer\u201d, iniciativa para un jard\u00edn ecol\u00f3gico en una escuela en Deraa<\/strong><\/span><\/p>\n<p style=\"text-align: justify;\">La Uni\u00f3n de Juventud Revolucionaria, en cooperaci\u00f3n con varias entidades y organismos, puso en marcha el n\u00facleo del jard\u00edn ecol\u00f3gico en la escuela secundaria femenina en la ciudad de Deraa.<\/p>\n<p style=\"text-align: justify;\">Unas 70 estudiantes participaron en dicha actividad que se celebra bajo el lema &#8220;Siria florecer\u00e1 otra vez&#8221;.<\/p>\n<p style=\"text-align: justify;\">En este sentido se plantaron 300 \u00e1rboles forestales en el patio de la escuela.<\/p>\n<p style=\"text-align: justify;\">Seg\u00fan Ibtisam Bajabuj, la miembro de la direcci\u00f3n de la Uni\u00f3n de J\u00f3venes Revolucionarios, este evento forma parte de las celebraciones por el D\u00eda Nacional del Medio Ambiente y apunta a concienciar sobre la importancia de preservar las \u00e1reas verdes y revivir lo quemado durante el \u00faltimo per\u00edodo.<\/p>\n<p style=\"text-align: justify;\"><strong><span style=\"color: #0000ff;\">Pakist\u00e1n env\u00eda un avi\u00f3n con 25 toneladas de asistencia m\u00e9dica a Siria<\/span><\/strong><\/p>\n<p style=\"text-align: justify;\">Un avi\u00f3n cargado de asistencia m\u00e9dica ofrecida por la Rep\u00fablica de Pakist\u00e1n, aterriz\u00f3 en el Aeropuerto Internacional de Damasco.<\/p>\n<p style=\"text-align: justify;\">La ayuda que incluye medicamentos y equipos e insumos m\u00e9dicos, est\u00e1 encaminada a apoyar los esfuerzos del sector de salud sirio en su respuesta al nuevo Coronavirus.<\/p>\n<p style=\"text-align: justify;\">En una declaraci\u00f3n a los periodistas tras recibir la ayuda, el viceministro de Exteriores y Expatriados, Faisal Mekdad, expres\u00f3 la gratitud del pueblo sirio por este generoso gesto por parte de la Rep\u00fablica Isl\u00e1mica de Pakist\u00e1n.<\/p>\n<p style=\"text-align: justify;\">A su vez, el embajador de Pakist\u00e1n en Damasco, Saeed Muhammad Khan, indic\u00f3 que se hab\u00eda acordado enviar la ayuda m\u00e9dica para hacer frente al nuevo Coronavirus, y revel\u00f3 que esta ayuda pesa 25 toneladas.<\/p>\n<p style=\"text-align: justify;\">El viceministro de Salud, Ahmad Khleifawi, destac\u00f3 la importancia de la asistencia brindada en t\u00e9rminos de apoyo al sector salud en Siria, que ha sufrido durante los a\u00f1os de la guerra, y actualmente sufre un bloqueo que impide la llegada de muchos materiales, equipos e insumos m\u00e9dicos.<\/p>\n<p style=\"text-align: justify;\"><strong><span style=\"color: #0000ff;\">Gabinete aprueba medidas incentivadoras en los sectores agr\u00edcola y de investigaci\u00f3n cient\u00edfica<\/span><\/strong><\/p>\n<p style=\"text-align: justify;\">Durante su sesi\u00f3n semanal encabezada por el Primer Ministro, Hussein Arnous, el Consejo de Ministro fij\u00f3 el precio de compra de la cosecha de trigo de los agricultores para la pr\u00f3xima temporada en 450 libras por kilogramo, y el precio de compra de cebada en 200 libras por kilogramo, y acord\u00f3 otorgar una compensaci\u00f3n a los agricultores afectados por los recientes incendios que estallaron en varias provincias.<\/p>\n<p style=\"text-align: justify;\">Asimismo, el Gabinete abord\u00f3 est\u00edmulos financieros a los trabajadores en las instituciones cient\u00edficas, educativas y de investigaci\u00f3n.<\/p>\n<p style=\"text-align: justify;\">El Gobierno tambi\u00e9n dio instrucciones para rehabilitar dos silos en los sitios de (Debsi Afnan y Kafr Joum) y acelerar la preparaci\u00f3n de un centro adicional de recepci\u00f3n y entrega de cereales en Hasakeh.<\/p>\n<p style=\"text-align: justify;\">El Primer Ministro pidi\u00f3 al equipo gubernamental hacer todo lo posible para atender las necesidades b\u00e1sicas del ciudadano y dar seguimiento continuo.<\/p>\n<p style=\"text-align: justify;\">Destac\u00f3 la necesidad de tomar medidas adicionales para fortalecer el papel de las asociaciones civiles en el apoyo a los esfuerzos gubernamentales para lograr el desarrollo social, mejorar el trabajo de los centros culturales y realizar seminarios para evaluar las decisiones tomadas y beneficiarse de las opiniones expresadas en esta direcci\u00f3n.<\/p>\n<p style=\"text-align: justify;\">El Gabinete abord\u00f3 la propuesta del Ministerio de Econom\u00eda sobre la realidad de los proyectos peque\u00f1os y medianos, y garantizar requisitos para su desarrollo.<\/p>\n<p style=\"text-align: justify;\"><strong><span style=\"color: #0000ff;\">Parlamento sirio debate proyecto de ley del presupuesto general del estado para el 2021<\/span><\/strong><\/p>\n<p style=\"text-align: justify;\">La Asamblea del Pueblo (parlamento) comenz\u00f3 sus debates a la declaraci\u00f3n financiera del gobierno sobre el proyecto de ley del presupuesto general del estado para el a\u00f1o fiscal 2021.<\/p>\n<p style=\"text-align: justify;\">Los cr\u00e9ditos del proyecto de ley del presupuesto estatal para el a\u00f1o fiscal 2021 se fijaron en un monto total de ocho billones 500 mil millones de libras sirias.<\/p>\n<p style=\"text-align: justify;\">Seg\u00fan el ministro de Finanza, KinanYaghi, la suma para el subsidio social asciende a tres billones 500 mil millones de libras que se asignar\u00e1n para el Fondo Nacional de Subsidio Social, el Fondo de Apoyo a la Producci\u00f3n Agr\u00edcola, la harina, la levadura, los derivados de petr\u00f3leo y la electricidad.<\/p>\n<p style=\"text-align: justify;\">Agreg\u00f3 que el presupuesto refleja el marco general del plan financiero del gobierno para financiar el proceso de desarrollo a trav\u00e9s de la inversi\u00f3n \u00f3ptima de los recursos disponibles, asegurar los requisitos de reconstrucci\u00f3n y producci\u00f3n, y mitigar los efectos negativos sobre el nivel de vida de los ciudadanos, especialmente despu\u00e9s de los crecientes desaf\u00edos en la econom\u00eda nacional.<\/p>\n<p style=\"text-align: justify;\"><strong><span style=\"color: #0000ff;\">Pobladores de Morek reanudar\u00e1n actividad agr\u00edcola despu\u00e9s de retirada del ocupante turco de sus tierras<\/span><\/strong><\/p>\n<p style=\"text-align: justify;\">Decenas de ciudadanos de la localidad de Morek y sus alrededores en el norte de la provincia de Hama se congregaron para expresar su alegr\u00eda por la salida de las tropas del ocupante turco de sus tierras.<\/p>\n<p style=\"text-align: justify;\">El pasado domingo, las fuerzas turcas se retiraron por completo del puesto de observaci\u00f3n que establecieron hace unos a\u00f1os, en la localidad de Morek con el fin de brindar apoyo a las organizaciones terroristas.<\/p>\n<p style=\"text-align: justify;\">Nasser Alloush, alcalde de Morek, se\u00f1al\u00f3 que \u201clos ciudadanos ya pueden reanudar su actividad agr\u00edcola en sus tierras\u201d en la periferia del referido punto.<\/p>\n<p style=\"text-align: justify;\">Los congregados afirmaron que los sirios rechazan a cualquier fuerza ocupante, incluida la turca, y jam\u00e1s aceptar\u00e1n la presencia extranjera ilegal sobre su suelo.<\/p>\n<p style=\"text-align: justify;\"><strong><span style=\"color: #0000ff;\">Concluyen rehabilitaci\u00f3n de un estadio de f\u00fatbol en Alepo<\/span><\/strong><\/p>\n<p style=\"text-align: justify;\">Despu\u00e9s de ocho a\u00f1os de interrupci\u00f3n, el estadio de los quince mil espectadores de la Ciudad Deportiva de Hamadaniya en Alepo reabre este jueves sus puertas para acoger el partido derbi entre Ittihad y Hurriya tras el t\u00e9rmino de las obras de mantenimiento y rehabilitaci\u00f3n que comenzaron desde hace un a\u00f1o y medio, inform\u00f3 Ahmad Mazen, jefe del Comit\u00e9 de la Federaci\u00f3n de Deporte en la provincia de Alepo.<\/p>\n<p style=\"text-align: justify;\">Este estadio ha sido blanco de varios ataques y bombardeos terroristas que dejaron graves da\u00f1os materiales en el mismo.<\/p>\n<p style=\"text-align: justify;\">Mazen inform\u00f3 que a principios del pr\u00f3ximo a\u00f1o ser\u00e1n finalizadas las obras de restauraci\u00f3n del Estadio Internacional de Alepo, que da cabida a 75 mil espectadores.<\/p>\n<p style=\"text-align: justify;\"><strong><span style=\"color: #0000ff;\">27 empresas nacionales participan en feria de compras \u201cMi Bonito Pa\u00eds II\u201d<\/span><\/strong><\/p>\n<p style=\"text-align: justify;\">Arranc\u00f3 en la provincia de Homs la feria de compras \u201cMi Bonito P\u00edas II\u201d, con la participaci\u00f3n de 27 empresas nacionales.<\/p>\n<p style=\"text-align: justify;\">El evento dura una semana y ofrece variedad de productos alimenticios, cosm\u00e9ticos y de limpieza, con rebajas entre 10% y 30%.<\/p>\n<p style=\"text-align: justify;\">\u201cLa feria se celebra por segundo a\u00f1o consecutivo y tiene como objetivo salir del estancamiento en el que se encuentra la situaci\u00f3n econ\u00f3mica actual del pa\u00eds\u201d, comunic\u00f3 a SANA, Ghufran Ayyash, directora de la empresa \u201cQamar\u201d, la organizadora del evento.<\/p>\n<p style=\"text-align: justify;\">Ejecutan proyecto para irrigar a 7000 hect\u00e1reas de tierras agr\u00edcolas en provincia de Hama<br \/>\nLa Direcci\u00f3n de Recursos H\u00eddricos en Hama comenz\u00f3 a rehabilitar el principal canal de riego para irrigar a 7000 hect\u00e1reas de tierras agr\u00edcolas en el sur de esa provincia central.<\/p>\n<p style=\"text-align: justify;\">Dicho canal sufri\u00f3 severos da\u00f1os a consecuencia de las acciones terroristas antes de la derrota de las agrupaciones radicales.<\/p>\n<p style=\"text-align: justify;\">Seg\u00fan el director de Recursos Hidr\u00e1ulicos de Hama, Fady Abbas, dijo que este canal proporciona agua para extensas \u00e1reas entre la ciudad de Rastan situada en el norte de Homs hasta el sur de Hama.<\/p>\n<p style=\"text-align: justify;\">Destac\u00f3 la importancia de este proyecto para recuperar la estabilidad agr\u00edcola en esa zona y comenzar la producci\u00f3n en varios sectores econ\u00f3micos y sociales en Hama y Homs, y apoyar la producci\u00f3n agr\u00edcola.<\/p>\n<p style=\"text-align: justify;\">Varios agricultores de los pueblos y aldeas por donde pasa el canal confirmaron que antes de su ocupaci\u00f3n por parte de los terroristas, la zona era una fuente importante para la producci\u00f3n de muchos cultivos como remolacha, algod\u00f3n y hortalizas.<\/p>\n<p style=\"text-align: justify;\"><strong><span style=\"color: #0000ff;\">Unas 100 empresas participan en la feria \u201cHecho en Siria\u201d en Tartous<\/span><\/strong><\/p>\n<p style=\"text-align: justify;\">Con la participaci\u00f3n de 100 empresas industriales nacionales, arranc\u00f3 en la ciudad costera de Tartous, la Feria de Compras \u201cHecho en Siria\u201d, organizada por la C\u00e1mara de Industria de Damasco y su campo.<\/p>\n<p style=\"text-align: justify;\">Las empresas participantes ofrecen una variedad de alimentos, detergentes, vestimentas, calzados, papeler\u00edas y art\u00edculos escolares a precios competitivos y descuentos.<\/p>\n<p style=\"text-align: justify;\">Seg\u00fan afirm\u00f3 el jefe del comit\u00e9 organizador, Talal Qalaji, el objetivo del festival es vender los productos directamente al consumidor y promover nuevas mercanc\u00edas.<\/p>\n<p style=\"text-align: justify;\">Varios visitantes del festival destacaron la buena organizaci\u00f3n del mismo y la variedad de productos b\u00e1sicos a precios asequibles lo cual permite al ciudadanos comprar en medio de dif\u00edciles condiciones de vida generados por el bloqueo econ\u00f3mico impuesto contra el pueblo sirio.<\/p>\n<p style=\"text-align: justify;\"><strong><span style=\"color: #0000ff;\">Proyectos productivos agr\u00edcolas entran en servicio tras rehabilitaci\u00f3n<\/span><\/strong><\/p>\n<p style=\"text-align: justify;\">El Ministerio de Agricultura y Reforma Agraria est\u00e1 llevando a cabo una serie de proyectos relacionados con la rehabilitaci\u00f3n y restauraci\u00f3n de sus establecimientos productivos tanto agr\u00edcolas como de ganados en el campo de la provincia de Alepo que fueron afectaos por el terrorismo.<\/p>\n<p style=\"text-align: justify;\">Los proyectos incluyen el Centro de cribado de semillas y la f\u00e1brica de piensos en Tal Blat, el Complejo de Ganados de Maskaneh y el establecimiento av\u00edcula de Zerbeh.<\/p>\n<p style=\"text-align: justify;\">El Centro de cribado de semillas de Tal Blat, recibe el trigo de los centros del establecimiento general de multiplicaci\u00f3n de semillas y procede a cribar el trigo duro y blando para luego clasificar las semillas seg\u00fan su tama\u00f1o y peso, explica Dalshi Ibrahim, jefe del centro. \u00a8Las semillas son enviadas a los almacenes donde se llenan en sacos y se preparan para su env\u00edo a su destino final\u00a8, agreg\u00f3.<\/p>\n<p style=\"text-align: justify;\">Se\u00f1al\u00f3 que la capacidad productiva del centro es de 100 toneladas de semillas diarios.<\/p>\n<p style=\"text-align: justify;\">El centro fue rehabilitado tras ser devastado por los actos terroristas con un costo de 1,400 mil millones de liras sirias, seg\u00fan comunic\u00f3 Adnan Omran, director de la sucursal del establecimiento de multiplicaci\u00f3n de semillas de Alepo.<\/p>\n<p style=\"text-align: justify;\">En cuanto a la f\u00e1brica de piensos, el director de este establecimiento se\u00f1al\u00f3 que la capacidad productiva del mismo alcanza las 30 toneladas de pienso por hora.<\/p>\n<p style=\"text-align: justify;\">El complejo de ganados de Maskaneh est\u00e1 compuesto por 5 unidades para vacas lechera, tres para vacas nodrizas y una para la ceba de vacas, indica el director del complejo.<\/p>\n<p style=\"text-align: justify;\">Explic\u00f3 que el bloqueo econ\u00f3mico impuesto a Siria impide la importaci\u00f3n de cabezas de vacas.<\/p>\n<p style=\"text-align: justify;\">El establecimiento av\u00edcula de Zerbeh, Yasin Diab, el director del establecimiento aclar\u00f3 que fue restaurado y preparado un hangar para la cr\u00eda de pollos.<\/p>\n<p style=\"text-align: justify;\"><span style=\"color: #0000ff;\"><strong>fm\/ws<\/strong><\/span><\/p>\n","protected":false},"excerpt":{"rendered":"<p>Provincias, SANA Siria se esfuerza por avanzar en la reconstrucci\u00f3n y recuperaci\u00f3n pese al injusto bloqueo y las sanciones impuestas por EE.UU y la Uni\u00f3n Europea. Presidente al-Assad decreta aumento salarial para trabajadores en el sector educativo El presidente Bashar Al Assad, emiti\u00f3 el Decreto Legislativo No. 28 para el a\u00f1o 2020 que otorga a &hellip;<\/p>\n","protected":false},"author":35,"featured_media":158622,"comment_status":"closed","ping_status":"closed","sticky":false,"template":"","format":"standard","meta":{"footnotes":""},"categories":[477,597,485,476,7541],"tags":[],"class_list":["post-158610","post","type-post","status-publish","format-standard","has-post-thumbnail","","category-noticias-edulcorantes","category-cinta-de-noticias","category-informes-negocios-y-finanzas","category-locales","category-ultimas-noticias"],"_links":{"self":[{"href":"https:\/\/archive.sana.sy\/es\/index.php?rest_route=\/wp\/v2\/posts\/158610"}],"collection":[{"href":"https:\/\/archive.sana.sy\/es\/index.php?rest_route=\/wp\/v2\/posts"}],"about":[{"href":"https:\/\/archive.sana.sy\/es\/index.php?rest_route=\/wp\/v2\/types\/post"}],"author":[{"embeddable":true,"href":"https:\/\/archive.sana.sy\/es\/index.php?rest_route=\/wp\/v2\/users\/35"}],"replies":[{"embeddable":true,"href":"https:\/\/archive.sana.sy\/es\/index.php?rest_route=%2Fwp%2Fv2%2Fcomments&post=158610"}],"version-history":[{"count":0,"href":"https:\/\/archive.sana.sy\/es\/index.php?rest_route=\/wp\/v2\/posts\/158610\/revisions"}],"wp:featuredmedia":[{"embeddable":true,"href":"https:\/\/archive.sana.sy\/es\/index.php?rest_route=\/wp\/v2\/media\/158622"}],"wp:attachment":[{"href":"https:\/\/archive.sana.sy\/es\/index.php?rest_route=%2Fwp%2Fv2%2Fmedia&parent=158610"}],"wp:term":[{"taxonomy":"category","embeddable":true,"href":"https:\/\/archive.sana.sy\/es\/index.php?rest_route=%2Fwp%2Fv2%2Fcategories&post=158610"},{"taxonomy":"post_tag","embeddable":true,"href":"https:\/\/archive.sana.sy\/es\/index.php?rest_route=%2Fwp%2Fv2%2Ftags&post=158610"}],"curies":[{"name":"wp","href":"https:\/\/api.w.org\/{rel}","templated":true}]}}