{"id":15863,"date":"2015-01-11T20:28:18","date_gmt":"2015-01-11T18:28:18","guid":{"rendered":"http:\/\/www.sana.sy\/es\/?p=15863"},"modified":"2015-01-11T21:03:56","modified_gmt":"2015-01-11T19:03:56","slug":"siderov-el-acto-terrorista-en-paris-no-es-espontaneo-sino-fue-elaborado-por-estados-unidos-e-israel","status":"publish","type":"post","link":"https:\/\/archive.sana.sy\/es\/?p=15863","title":{"rendered":"Siderov: El acto terrorista en Par\u00eds no es espont\u00e1neo, sino fue elaborado por Estados unidos e Israel"},"content":{"rendered":"<p>Sof\u00eda-SANA<\/p>\n<p>El secretario general del partido b\u00falgaro Ataka , Volen Siderov calific\u00f3 a Estados Unidos de un estado terrorista Mafioso, agresivo y la fuente del mal en el mundo.<\/p>\n<p>Durante una manifestaci\u00f3n del partido Ataka frente a la embajada de Estados Unidos en Sof\u00eda con motivo del paso de 71 a\u00f1os desde el bombardeo de la capital b\u00falgara por la aviaci\u00f3n estadounidense, Siderov dijo que el acto terrorista en Par\u00eds no es espont\u00e1neo, sino fue elaborado por Estados unidos e Israel .. Advirtiendo al pueblo b\u00falgaro del peligro que representa la organizaci\u00f3n terrorista del EIIL a Bulgaria y la seguridad nacional.<\/p>\n<p>Siderov asever\u00f3 que Estados Unidos es un Estado terrorista y es la fuente del mal en el mundo y ahora est\u00e1 tratando de encender la Tercera Guerra Mundial, y es la causa del mal en Bulgaria , por ello hay que hacer frente a sus planes, de lo contrario vamos a ser siervos del mal.<\/p>\n<p>Asimismo a\u00f1adi\u00f3 que el acto terrorista que ocurri\u00f3 en Par\u00eds lo perpetraron terroristas creados por Estados Unidos e Israel, y es el resultado del trabajo de la inteligencia de estos pa\u00edses y la financiaci\u00f3n Qatar\u00ed y saud\u00ed.<\/p>\n<p>Yamil K.<\/p>\n","protected":false},"excerpt":{"rendered":"<p>Sof\u00eda-SANA El secretario general del partido b\u00falgaro Ataka , Volen Siderov calific\u00f3 a Estados Unidos de un estado terrorista Mafioso, agresivo y la fuente del mal en el mundo. Durante una manifestaci\u00f3n del partido Ataka frente a la embajada de Estados Unidos en Sof\u00eda con motivo del paso de 71 a\u00f1os desde el bombardeo de &hellip;<\/p>\n","protected":false},"author":1,"featured_media":15864,"comment_status":"closed","ping_status":"closed","sticky":false,"template":"","format":"standard","meta":{"footnotes":""},"categories":[456,457,576],"tags":[],"class_list":["post-15863","post","type-post","status-publish","format-standard","has-post-thumbnail","","category-arabe-internacional-politica","category-noticias-arabe-internacional-politica","category-noticias-politicas"],"_links":{"self":[{"href":"https:\/\/archive.sana.sy\/es\/index.php?rest_route=\/wp\/v2\/posts\/15863"}],"collection":[{"href":"https:\/\/archive.sana.sy\/es\/index.php?rest_route=\/wp\/v2\/posts"}],"about":[{"href":"https:\/\/archive.sana.sy\/es\/index.php?rest_route=\/wp\/v2\/types\/post"}],"author":[{"embeddable":true,"href":"https:\/\/archive.sana.sy\/es\/index.php?rest_route=\/wp\/v2\/users\/1"}],"replies":[{"embeddable":true,"href":"https:\/\/archive.sana.sy\/es\/index.php?rest_route=%2Fwp%2Fv2%2Fcomments&post=15863"}],"version-history":[{"count":0,"href":"https:\/\/archive.sana.sy\/es\/index.php?rest_route=\/wp\/v2\/posts\/15863\/revisions"}],"wp:featuredmedia":[{"embeddable":true,"href":"https:\/\/archive.sana.sy\/es\/index.php?rest_route=\/wp\/v2\/media\/15864"}],"wp:attachment":[{"href":"https:\/\/archive.sana.sy\/es\/index.php?rest_route=%2Fwp%2Fv2%2Fmedia&parent=15863"}],"wp:term":[{"taxonomy":"category","embeddable":true,"href":"https:\/\/archive.sana.sy\/es\/index.php?rest_route=%2Fwp%2Fv2%2Fcategories&post=15863"},{"taxonomy":"post_tag","embeddable":true,"href":"https:\/\/archive.sana.sy\/es\/index.php?rest_route=%2Fwp%2Fv2%2Ftags&post=15863"}],"curies":[{"name":"wp","href":"https:\/\/api.w.org\/{rel}","templated":true}]}}