{"id":15866,"date":"2015-01-11T19:33:04","date_gmt":"2015-01-11T17:33:04","guid":{"rendered":"http:\/\/www.sana.sy\/es\/?p=15866"},"modified":"2015-01-11T21:05:21","modified_gmt":"2015-01-11T19:05:21","slug":"ffaa-iraquies-eliminan-a-mas-elementos-del-eiil","status":"publish","type":"post","link":"https:\/\/archive.sana.sy\/es\/?p=15866","title":{"rendered":"FFAA iraqu\u00edes eliminan a m\u00e1s elementos del EIIL"},"content":{"rendered":"<p>Bagdad-SANA<\/p>\n<p>El Ministerio de Defensa de Irak declar\u00f3 la muerte de un n\u00famero de terroristas, entre ellos el llamado, Abu Duyana, cabecilla militar de la organizaci\u00f3n terrorista del DAESH en el distrito de Hdaitha, al oeste de la provincia de Al Anbar.<\/p>\n<p>Asimismo, las fuerzas del Ej\u00e9rcito iraqu\u00ed lograron destruir un tanque en la zona de Al Yaraishi, bajo control del DAESH.<br \/>\nMientras en la zona de Annaime, cuatro terroristas fueron eliminados cuando intentaban infiltrarse en posiciones militares pertenecientes al batall\u00f3n de la intervenci\u00f3n.<\/p>\n<p>Las fuerzas armadas destruyeron dos casas en la carretera vieja de Irak-Al Falluya, matando a los terroristas que se encontraban dentro despu\u00e9s de detectar sus movilizaciones.<\/p>\n<p>Asimismo, las fuerzas de \u00e9lite del Ej\u00e9rcito iraqu\u00ed y con el apoyo de las tribus lograron aniquilar a setenta y tres terroristas y destruir a 26 veh\u00edculos blindados cuando terroristas del DAESH trataban de invadir la localidad de Al Bagdadiya.<\/p>\n<p>Yamil K.<\/p>\n","protected":false},"excerpt":{"rendered":"<p>Bagdad-SANA El Ministerio de Defensa de Irak declar\u00f3 la muerte de un n\u00famero de terroristas, entre ellos el llamado, Abu Duyana, cabecilla militar de la organizaci\u00f3n terrorista del DAESH en el distrito de Hdaitha, al oeste de la provincia de Al Anbar. Asimismo, las fuerzas del Ej\u00e9rcito iraqu\u00ed lograron destruir un tanque en la zona &hellip;<\/p>\n","protected":false},"author":1,"featured_media":15867,"comment_status":"closed","ping_status":"closed","sticky":false,"template":"","format":"standard","meta":{"footnotes":""},"categories":[456,457,576],"tags":[],"class_list":["post-15866","post","type-post","status-publish","format-standard","has-post-thumbnail","","category-arabe-internacional-politica","category-noticias-arabe-internacional-politica","category-noticias-politicas"],"_links":{"self":[{"href":"https:\/\/archive.sana.sy\/es\/index.php?rest_route=\/wp\/v2\/posts\/15866"}],"collection":[{"href":"https:\/\/archive.sana.sy\/es\/index.php?rest_route=\/wp\/v2\/posts"}],"about":[{"href":"https:\/\/archive.sana.sy\/es\/index.php?rest_route=\/wp\/v2\/types\/post"}],"author":[{"embeddable":true,"href":"https:\/\/archive.sana.sy\/es\/index.php?rest_route=\/wp\/v2\/users\/1"}],"replies":[{"embeddable":true,"href":"https:\/\/archive.sana.sy\/es\/index.php?rest_route=%2Fwp%2Fv2%2Fcomments&post=15866"}],"version-history":[{"count":0,"href":"https:\/\/archive.sana.sy\/es\/index.php?rest_route=\/wp\/v2\/posts\/15866\/revisions"}],"wp:featuredmedia":[{"embeddable":true,"href":"https:\/\/archive.sana.sy\/es\/index.php?rest_route=\/wp\/v2\/media\/15867"}],"wp:attachment":[{"href":"https:\/\/archive.sana.sy\/es\/index.php?rest_route=%2Fwp%2Fv2%2Fmedia&parent=15866"}],"wp:term":[{"taxonomy":"category","embeddable":true,"href":"https:\/\/archive.sana.sy\/es\/index.php?rest_route=%2Fwp%2Fv2%2Fcategories&post=15866"},{"taxonomy":"post_tag","embeddable":true,"href":"https:\/\/archive.sana.sy\/es\/index.php?rest_route=%2Fwp%2Fv2%2Ftags&post=15866"}],"curies":[{"name":"wp","href":"https:\/\/api.w.org\/{rel}","templated":true}]}}