{"id":15869,"date":"2015-01-11T19:37:37","date_gmt":"2015-01-11T17:37:37","guid":{"rendered":"http:\/\/www.sana.sy\/es\/?p=15869"},"modified":"2015-01-11T21:04:59","modified_gmt":"2015-01-11T19:04:59","slug":"organizaciones-armenias-en-francia-condenan-participacion-de-erdogan-en-marcha","status":"publish","type":"post","link":"https:\/\/archive.sana.sy\/es\/?p=15869","title":{"rendered":"Organizaciones armenias en Francia condenan participaci\u00f3n de Erdogan en marcha"},"content":{"rendered":"<p>Paris-SANA<\/p>\n<p>Organizaciones armenias en Francia condenaron la participaci\u00f3n del presidente del Gobierno del r\u00e9gimen de Erdogan en la marcha que condena el atentado terrorista contra la revista francesa de Charlie Hebdo.<\/p>\n<p>La oficina nacional de coordinaci\u00f3n de las organizaciones armenias en Francia afirm\u00f3 que el apoyo prestado por el Gobierno del Partido de Justicia y desarrollo a los grupos takfir\u00edes en la exportaci\u00f3n del terrorismo hacia Par\u00eds ya no es un secreto, haciendo referencia a los sucesos en el terreno que demuestran el pleno apoyo del r\u00e9gimen turco a los terroristas.<\/p>\n<p>La referida oficina insisti\u00f3 en que la participaci\u00f3n de representantes de un estado que llevan un n\u00famero record en la cifra de periodistas encarcelados en esta marcha es una \u00a8verg\u00fcenza y una humillaci\u00f3n de la libertad de prensa\u00a8<\/p>\n<p>Yamil K.<\/p>\n","protected":false},"excerpt":{"rendered":"<p>Paris-SANA Organizaciones armenias en Francia condenaron la participaci\u00f3n del presidente del Gobierno del r\u00e9gimen de Erdogan en la marcha que condena el atentado terrorista contra la revista francesa de Charlie Hebdo. La oficina nacional de coordinaci\u00f3n de las organizaciones armenias en Francia afirm\u00f3 que el apoyo prestado por el Gobierno del Partido de Justicia y &hellip;<\/p>\n","protected":false},"author":1,"featured_media":15870,"comment_status":"closed","ping_status":"closed","sticky":false,"template":"","format":"standard","meta":{"footnotes":""},"categories":[456,457,576],"tags":[],"class_list":["post-15869","post","type-post","status-publish","format-standard","has-post-thumbnail","","category-arabe-internacional-politica","category-noticias-arabe-internacional-politica","category-noticias-politicas"],"_links":{"self":[{"href":"https:\/\/archive.sana.sy\/es\/index.php?rest_route=\/wp\/v2\/posts\/15869"}],"collection":[{"href":"https:\/\/archive.sana.sy\/es\/index.php?rest_route=\/wp\/v2\/posts"}],"about":[{"href":"https:\/\/archive.sana.sy\/es\/index.php?rest_route=\/wp\/v2\/types\/post"}],"author":[{"embeddable":true,"href":"https:\/\/archive.sana.sy\/es\/index.php?rest_route=\/wp\/v2\/users\/1"}],"replies":[{"embeddable":true,"href":"https:\/\/archive.sana.sy\/es\/index.php?rest_route=%2Fwp%2Fv2%2Fcomments&post=15869"}],"version-history":[{"count":0,"href":"https:\/\/archive.sana.sy\/es\/index.php?rest_route=\/wp\/v2\/posts\/15869\/revisions"}],"wp:featuredmedia":[{"embeddable":true,"href":"https:\/\/archive.sana.sy\/es\/index.php?rest_route=\/wp\/v2\/media\/15870"}],"wp:attachment":[{"href":"https:\/\/archive.sana.sy\/es\/index.php?rest_route=%2Fwp%2Fv2%2Fmedia&parent=15869"}],"wp:term":[{"taxonomy":"category","embeddable":true,"href":"https:\/\/archive.sana.sy\/es\/index.php?rest_route=%2Fwp%2Fv2%2Fcategories&post=15869"},{"taxonomy":"post_tag","embeddable":true,"href":"https:\/\/archive.sana.sy\/es\/index.php?rest_route=%2Fwp%2Fv2%2Ftags&post=15869"}],"curies":[{"name":"wp","href":"https:\/\/api.w.org\/{rel}","templated":true}]}}