{"id":158703,"date":"2020-11-08T19:01:19","date_gmt":"2020-11-08T17:01:19","guid":{"rendered":"http:\/\/107.6.182.27\/es\/?p=158703"},"modified":"2020-11-08T19:01:19","modified_gmt":"2020-11-08T17:01:19","slug":"primer-ministro-examina-con-el-embajador-omani-vias-para-fortalecer-la-cooperacion-bilateral","status":"publish","type":"post","link":"https:\/\/archive.sana.sy\/es\/?p=158703","title":{"rendered":"Primer Ministro examina con el embajador oman\u00ed v\u00edas para fortalecer la cooperaci\u00f3n bilateral"},"content":{"rendered":"<p style=\"text-align: justify;\"><span style=\"color: #800000;\"><strong>Damasco, SANA<\/strong><\/span><\/p>\n<p style=\"text-align: justify;\">El Primer Ministro, Hussein Arnous, recibi\u00f3 hoy al Embajador de Om\u00e1n en Damasco, Turki bin Mahmoud al-Busaaidi, con quien examin\u00f3 las v\u00edas para avanzar en las relaciones bilaterales entre Om\u00e1n y Siria.<\/p>\n<p style=\"text-align: justify;\">Durante la reuni\u00f3n, ambas partes abordaron formas para desarrollar la cooperaci\u00f3n mutua en los \u00e1mbitos econ\u00f3mico, industrial, comercial y sanitario.<\/p>\n<p style=\"text-align: justify;\">Asimismo, destacaron la importancia del trabajo conjunto entre los actores econ\u00f3micos en Siria y Om\u00e1n en inter\u00e9s de los dos pueblos y los dos pa\u00edses hermanos.<\/p>\n<p style=\"text-align: justify;\">El jefe del Ejecutivo sirio subray\u00f3 la importancia de la cooperaci\u00f3n para hacer frente a los desaf\u00edos actuales, en particular la pandemia del Coronavirus, que requiere esfuerzos concertados entre los diferentes pa\u00edses para reducir y controlar el brote del virus.<\/p>\n<p style=\"text-align: justify;\">Por su parte, el embajador oman\u00ed ratific\u00f3 que su pa\u00eds mantendr\u00e1 su respaldo a Siria y expres\u00f3 la disposici\u00f3n a prestarle diversos tipos de apoyo.<\/p>\n<p style=\"text-align: justify;\">Destac\u00f3 la importancia de trabajar para fomentar el intercambio comercial y reabrir las puertas de la cooperaci\u00f3n entre empresarios y actores econ\u00f3micos de los dos pa\u00edses.<\/p>\n<p style=\"text-align: justify;\"><span style=\"color: #0000ff;\"><strong>ah\/fm<\/strong><\/span><\/p>\n","protected":false},"excerpt":{"rendered":"<p>Damasco, SANA El Primer Ministro, Hussein Arnous, recibi\u00f3 hoy al Embajador de Om\u00e1n en Damasco, Turki bin Mahmoud al-Busaaidi, con quien examin\u00f3 las v\u00edas para avanzar en las relaciones bilaterales entre Om\u00e1n y Siria. Durante la reuni\u00f3n, ambas partes abordaron formas para desarrollar la cooperaci\u00f3n mutua en los \u00e1mbitos econ\u00f3mico, industrial, comercial y sanitario. Asimismo, &hellip;<\/p>\n","protected":false},"author":30,"featured_media":158704,"comment_status":"closed","ping_status":"closed","sticky":false,"template":"","format":"standard","meta":{"footnotes":""},"categories":[597,467,7541],"tags":[18471],"class_list":["post-158703","post","type-post","status-publish","format-standard","has-post-thumbnail","","category-cinta-de-noticias","category-siria-y-el-mundo","category-ultimas-noticias","tag-primer-ministro-examina-con-el-embajador-omani-vias-para-fortalecer-la-cooperacion-bilateral"],"_links":{"self":[{"href":"https:\/\/archive.sana.sy\/es\/index.php?rest_route=\/wp\/v2\/posts\/158703"}],"collection":[{"href":"https:\/\/archive.sana.sy\/es\/index.php?rest_route=\/wp\/v2\/posts"}],"about":[{"href":"https:\/\/archive.sana.sy\/es\/index.php?rest_route=\/wp\/v2\/types\/post"}],"author":[{"embeddable":true,"href":"https:\/\/archive.sana.sy\/es\/index.php?rest_route=\/wp\/v2\/users\/30"}],"replies":[{"embeddable":true,"href":"https:\/\/archive.sana.sy\/es\/index.php?rest_route=%2Fwp%2Fv2%2Fcomments&post=158703"}],"version-history":[{"count":0,"href":"https:\/\/archive.sana.sy\/es\/index.php?rest_route=\/wp\/v2\/posts\/158703\/revisions"}],"wp:featuredmedia":[{"embeddable":true,"href":"https:\/\/archive.sana.sy\/es\/index.php?rest_route=\/wp\/v2\/media\/158704"}],"wp:attachment":[{"href":"https:\/\/archive.sana.sy\/es\/index.php?rest_route=%2Fwp%2Fv2%2Fmedia&parent=158703"}],"wp:term":[{"taxonomy":"category","embeddable":true,"href":"https:\/\/archive.sana.sy\/es\/index.php?rest_route=%2Fwp%2Fv2%2Fcategories&post=158703"},{"taxonomy":"post_tag","embeddable":true,"href":"https:\/\/archive.sana.sy\/es\/index.php?rest_route=%2Fwp%2Fv2%2Ftags&post=158703"}],"curies":[{"name":"wp","href":"https:\/\/api.w.org\/{rel}","templated":true}]}}