{"id":158708,"date":"2020-11-08T20:35:53","date_gmt":"2020-11-08T18:35:53","guid":{"rendered":"http:\/\/107.6.182.27\/es\/?p=158708"},"modified":"2020-11-08T22:04:56","modified_gmt":"2020-11-08T20:04:56","slug":"muere-un-civil-y-otros-resultan-heridos-por-explosion-de-mina-en-hama","status":"publish","type":"post","link":"https:\/\/archive.sana.sy\/es\/?p=158708","title":{"rendered":"Mueren 3 civiles y otros resultan heridos por explosi\u00f3n de mina en Hama"},"content":{"rendered":"<p style=\"text-align: justify\">Hama, SANA<\/p>\n<p style=\"text-align: justify\">Tres civiles perdieron la vida y otros nueve resultaron heridos a causa de la explosi\u00f3n de una mina que hab\u00edan colocado los terroristas en los terrenos agr\u00edcolas del poblado de Qaser Muharam, en el campo noreste de la provincia de Hama, antes de ser derrotados por el ej\u00e9rcito sirio.<\/p>\n<p style=\"text-align: justify\">Una fuente de la Comandancia de Polic\u00eda de Hama dijo que \u00a8el estallido de una mina terrestre que hab\u00edan sembrado las organizaciones terroristas en las inmediaciones del poblado Qaser Muharam, mat\u00f3 a tres civiles, entre ellos una menor, y provoc\u00f3 lesiones a otros nueve mientras que ellos trabajaban en los terrenos agr\u00edcolas\u00b4.<\/p>\n<p style=\"text-align: justify\">Las organizaciones terroristas, y antes de ser expulsadas por el ej\u00e9rcito sirio, proced\u00edan a colocar artefactos explosivos y minas en los poblados y terrenos agr\u00edcolas en un intento de provocar el mayor da\u00f1o posible a los residentes que regresaban a sus zonas tras su liberaci\u00f3n.<\/p>\n<p style=\"text-align: justify\">yk<\/p>\n","protected":false},"excerpt":{"rendered":"<p>Hama, SANA Tres civiles perdieron la vida y otros nueve resultaron heridos a causa de la explosi\u00f3n de una mina que hab\u00edan colocado los terroristas en los terrenos agr\u00edcolas del poblado de Qaser Muharam, en el campo noreste de la provincia de Hama, antes de ser derrotados por el ej\u00e9rcito sirio. Una fuente de la &hellip;<\/p>\n","protected":false},"author":1,"featured_media":127328,"comment_status":"closed","ping_status":"closed","sticky":false,"template":"","format":"standard","meta":{"footnotes":""},"categories":[573,7541],"tags":[],"class_list":["post-158708","post","type-post","status-publish","format-standard","has-post-thumbnail","","category-la-realidad-de-los-acontecimientos-en-siria","category-ultimas-noticias"],"_links":{"self":[{"href":"https:\/\/archive.sana.sy\/es\/index.php?rest_route=\/wp\/v2\/posts\/158708"}],"collection":[{"href":"https:\/\/archive.sana.sy\/es\/index.php?rest_route=\/wp\/v2\/posts"}],"about":[{"href":"https:\/\/archive.sana.sy\/es\/index.php?rest_route=\/wp\/v2\/types\/post"}],"author":[{"embeddable":true,"href":"https:\/\/archive.sana.sy\/es\/index.php?rest_route=\/wp\/v2\/users\/1"}],"replies":[{"embeddable":true,"href":"https:\/\/archive.sana.sy\/es\/index.php?rest_route=%2Fwp%2Fv2%2Fcomments&post=158708"}],"version-history":[{"count":0,"href":"https:\/\/archive.sana.sy\/es\/index.php?rest_route=\/wp\/v2\/posts\/158708\/revisions"}],"wp:featuredmedia":[{"embeddable":true,"href":"https:\/\/archive.sana.sy\/es\/index.php?rest_route=\/wp\/v2\/media\/127328"}],"wp:attachment":[{"href":"https:\/\/archive.sana.sy\/es\/index.php?rest_route=%2Fwp%2Fv2%2Fmedia&parent=158708"}],"wp:term":[{"taxonomy":"category","embeddable":true,"href":"https:\/\/archive.sana.sy\/es\/index.php?rest_route=%2Fwp%2Fv2%2Fcategories&post=158708"},{"taxonomy":"post_tag","embeddable":true,"href":"https:\/\/archive.sana.sy\/es\/index.php?rest_route=%2Fwp%2Fv2%2Ftags&post=158708"}],"curies":[{"name":"wp","href":"https:\/\/api.w.org\/{rel}","templated":true}]}}