{"id":158743,"date":"2020-11-09T07:12:11","date_gmt":"2020-11-09T05:12:11","guid":{"rendered":"http:\/\/107.6.182.27\/es\/?p=158743"},"modified":"2023-01-12T14:42:42","modified_gmt":"2023-01-12T12:42:42","slug":"presidente-de-cuba-espera-relacion-bilateral-constructiva-y-respetuosa-de-las-diferencias-con-ee-uu","status":"publish","type":"post","link":"https:\/\/archive.sana.sy\/es\/?p=158743","title":{"rendered":"Presidente de Cuba espera relaci\u00f3n bilateral constructiva y respetuosa de las diferencias con EE.UU"},"content":{"rendered":"<p style=\"text-align: justify;\"><strong><span style=\"color: #800000;\">La Habana, SANA<\/span><\/strong><\/p>\n<p style=\"text-align: justify;\">El presidente de Cuba, Miguel D\u00edaz-Canel, afirm\u00f3 que cree en la posibilidad de establecer una relaci\u00f3n constructiva y respetuosa con Estados Unidos, ante el cambio de gobierno en esa naci\u00f3n norte\u00f1a.<\/p>\n<p style=\"text-align: justify;\">En su cuenta en Twitter, el mandatario cubano afirm\u00f3 que el pueblo estadounidense opt\u00f3 por un nuevo rumbo en las elecciones presidenciales celebrada en ese pa\u00eds recientemente.<\/p>\n<p style=\"text-align: justify;\">Reconocemos que, en sus elecciones presidenciales, el pueblo de EE.UU. ha optado por un nuevo rumbo. Creemos en la posibilidad de una relaci\u00f3n bilateral constructiva y respetuosa de las diferencias, apunt\u00f3 D\u00edaz-Canel.<\/p>\n<p style=\"text-align: justify;\">Desde este s\u00e1bado, el dem\u00f3crata Joe Biden es proyectado por importantes medios de prensa norteamericanos como ganador de las elecciones de 2020, con 290 votos electorales frente a los 214 logrados por el republicano Donald Trump, quien buscaba la reelecci\u00f3n.<\/p>\n<p style=\"text-align: justify;\"><em><span style=\"color: #0000ff;\"><strong>fm<\/strong><\/span><\/em><\/p>\n","protected":false},"excerpt":{"rendered":"<p>La Habana, SANA El presidente de Cuba, Miguel D\u00edaz-Canel, afirm\u00f3 que cree en la posibilidad de establecer una relaci\u00f3n constructiva y respetuosa con Estados Unidos, ante el cambio de gobierno en esa naci\u00f3n norte\u00f1a. En su cuenta en Twitter, el mandatario cubano afirm\u00f3 que el pueblo estadounidense opt\u00f3 por un nuevo rumbo en las elecciones &hellip;<\/p>\n","protected":false},"author":34,"featured_media":158746,"comment_status":"closed","ping_status":"closed","sticky":false,"template":"","format":"standard","meta":{"footnotes":""},"categories":[597,456],"tags":[],"class_list":["post-158743","post","type-post","status-publish","format-standard","has-post-thumbnail","","category-cinta-de-noticias","category-arabe-internacional-politica"],"_links":{"self":[{"href":"https:\/\/archive.sana.sy\/es\/index.php?rest_route=\/wp\/v2\/posts\/158743"}],"collection":[{"href":"https:\/\/archive.sana.sy\/es\/index.php?rest_route=\/wp\/v2\/posts"}],"about":[{"href":"https:\/\/archive.sana.sy\/es\/index.php?rest_route=\/wp\/v2\/types\/post"}],"author":[{"embeddable":true,"href":"https:\/\/archive.sana.sy\/es\/index.php?rest_route=\/wp\/v2\/users\/34"}],"replies":[{"embeddable":true,"href":"https:\/\/archive.sana.sy\/es\/index.php?rest_route=%2Fwp%2Fv2%2Fcomments&post=158743"}],"version-history":[{"count":0,"href":"https:\/\/archive.sana.sy\/es\/index.php?rest_route=\/wp\/v2\/posts\/158743\/revisions"}],"wp:featuredmedia":[{"embeddable":true,"href":"https:\/\/archive.sana.sy\/es\/index.php?rest_route=\/wp\/v2\/media\/158746"}],"wp:attachment":[{"href":"https:\/\/archive.sana.sy\/es\/index.php?rest_route=%2Fwp%2Fv2%2Fmedia&parent=158743"}],"wp:term":[{"taxonomy":"category","embeddable":true,"href":"https:\/\/archive.sana.sy\/es\/index.php?rest_route=%2Fwp%2Fv2%2Fcategories&post=158743"},{"taxonomy":"post_tag","embeddable":true,"href":"https:\/\/archive.sana.sy\/es\/index.php?rest_route=%2Fwp%2Fv2%2Ftags&post=158743"}],"curies":[{"name":"wp","href":"https:\/\/api.w.org\/{rel}","templated":true}]}}