{"id":15875,"date":"2015-01-11T19:50:32","date_gmt":"2015-01-11T17:50:32","guid":{"rendered":"http:\/\/www.sana.sy\/es\/?p=15875"},"modified":"2015-01-11T21:04:35","modified_gmt":"2015-01-11T19:04:35","slug":"rohani-la-actual-situacion-del-oriente-medio-requiere-de-mas-cooperaciones-entre-todos","status":"publish","type":"post","link":"https:\/\/archive.sana.sy\/es\/?p=15875","title":{"rendered":"Rohani: la actual situaci\u00f3n del Oriente Medio requiere de m\u00e1s cooperaciones entre todos"},"content":{"rendered":"<p>Teher\u00e1n-SANA<\/p>\n<p>El presidente iran\u00ed, Hasan Rohani, ha condenado todo tipo de actos de violencia y brutalidad contra cualquier naci\u00f3n y contra cualquier raza y religi\u00f3n.<\/p>\n<p>Durante su reuni\u00f3n con el ministro de Asuntos Exteriores de Chipre, Ioannis Kasoulidis, el mandatario persa dijo: \u201cLa matanza de la gente en Irak, Paquist\u00e1n, Afganist\u00e1n, El L\u00edbano y Siria es tan condenada tal como cualquier atentado llevado a cabo en Francia, el Reino Unido, Alemania y EE.UU.\u201d.<\/p>\n<p>El mandatario iran\u00ed agreg\u00f3 que la actual situaci\u00f3n del Oriente Medio e incluso de los pa\u00edses mediterr\u00e1neos, requiere de m\u00e1s cooperaciones entre todos, en particular, en el campo de la lucha contra el extremismo, el terrorismo y la violencia.<\/p>\n<p>A su vez, Kasoulidis revel\u00f3 nuevos enfoques pol\u00edticos de la Uni\u00f3n Europea hacia la lucha contra el terrorismo, y hacia la crisis siria.<\/p>\n<p>\u00a8La Uni\u00f3n Europea se esfuerzo hoy en d\u00eda por encontrar una soluci\u00f3n pac\u00edfica a la crisis en Siria\u00a8, puntualiz\u00f3.<\/p>\n<p>Yamil K.<\/p>\n","protected":false},"excerpt":{"rendered":"<p>Teher\u00e1n-SANA El presidente iran\u00ed, Hasan Rohani, ha condenado todo tipo de actos de violencia y brutalidad contra cualquier naci\u00f3n y contra cualquier raza y religi\u00f3n. Durante su reuni\u00f3n con el ministro de Asuntos Exteriores de Chipre, Ioannis Kasoulidis, el mandatario persa dijo: \u201cLa matanza de la gente en Irak, Paquist\u00e1n, Afganist\u00e1n, El L\u00edbano y Siria &hellip;<\/p>\n","protected":false},"author":1,"featured_media":15876,"comment_status":"closed","ping_status":"closed","sticky":false,"template":"","format":"standard","meta":{"footnotes":""},"categories":[456,457,576],"tags":[],"class_list":["post-15875","post","type-post","status-publish","format-standard","has-post-thumbnail","","category-arabe-internacional-politica","category-noticias-arabe-internacional-politica","category-noticias-politicas"],"_links":{"self":[{"href":"https:\/\/archive.sana.sy\/es\/index.php?rest_route=\/wp\/v2\/posts\/15875"}],"collection":[{"href":"https:\/\/archive.sana.sy\/es\/index.php?rest_route=\/wp\/v2\/posts"}],"about":[{"href":"https:\/\/archive.sana.sy\/es\/index.php?rest_route=\/wp\/v2\/types\/post"}],"author":[{"embeddable":true,"href":"https:\/\/archive.sana.sy\/es\/index.php?rest_route=\/wp\/v2\/users\/1"}],"replies":[{"embeddable":true,"href":"https:\/\/archive.sana.sy\/es\/index.php?rest_route=%2Fwp%2Fv2%2Fcomments&post=15875"}],"version-history":[{"count":0,"href":"https:\/\/archive.sana.sy\/es\/index.php?rest_route=\/wp\/v2\/posts\/15875\/revisions"}],"wp:featuredmedia":[{"embeddable":true,"href":"https:\/\/archive.sana.sy\/es\/index.php?rest_route=\/wp\/v2\/media\/15876"}],"wp:attachment":[{"href":"https:\/\/archive.sana.sy\/es\/index.php?rest_route=%2Fwp%2Fv2%2Fmedia&parent=15875"}],"wp:term":[{"taxonomy":"category","embeddable":true,"href":"https:\/\/archive.sana.sy\/es\/index.php?rest_route=%2Fwp%2Fv2%2Fcategories&post=15875"},{"taxonomy":"post_tag","embeddable":true,"href":"https:\/\/archive.sana.sy\/es\/index.php?rest_route=%2Fwp%2Fv2%2Ftags&post=15875"}],"curies":[{"name":"wp","href":"https:\/\/api.w.org\/{rel}","templated":true}]}}