{"id":15878,"date":"2015-01-12T12:42:26","date_gmt":"2015-01-12T10:42:26","guid":{"rendered":"http:\/\/www.sana.sy\/es\/?p=15878"},"modified":"2015-01-12T12:42:26","modified_gmt":"2015-01-12T10:42:26","slug":"fuerzas-iraquies-inician-operativos-militares-para-liberar-a-regiones-al-norte-de-la-capital","status":"publish","type":"post","link":"https:\/\/archive.sana.sy\/es\/?p=15878","title":{"rendered":"Fuerzas iraqu\u00edes inician operativos militares para liberar a regiones al norte de la capital"},"content":{"rendered":"<p><span style=\"color: #ff0000\">Bagdad, SANA<\/span><\/p>\n<p>El comandante de las operaciones militares en Bagdad el general Abdul-Amir al- Shemry, anunci\u00f3 el comienzo de los operativos militares para liberar las dos regiones de Nabaey y Kasarat al norte de la capital iraqu\u00ed.<\/p>\n<p>La Red de Informaci\u00f3n Iraqu\u00ed citando a Shemry dijo que unidades del ej\u00e9rcito, la polic\u00eda y fuerzas populares participan en dichas acciones.<\/p>\n<p>En este contexto, en la regi\u00f3n de Anbar, unidades de las fuerzas iraqu\u00edes liberaron a la regi\u00f3n del Kil\u00f3metro 5 situada al oeste de la ciudad de Ramadi tras una operaci\u00f3n que caus\u00f3 la muerte de 22 militantes de la organizaci\u00f3n terrorista EI.<\/p>\n<p><span style=\"color: #00ccff\">Hala B., Ryad Sh,<\/span><\/p>\n","protected":false},"excerpt":{"rendered":"<p>Bagdad, SANA El comandante de las operaciones militares en Bagdad el general Abdul-Amir al- Shemry, anunci\u00f3 el comienzo de los operativos militares para liberar las dos regiones de Nabaey y Kasarat al norte de la capital iraqu\u00ed. La Red de Informaci\u00f3n Iraqu\u00ed citando a Shemry dijo que unidades del ej\u00e9rcito, la polic\u00eda y fuerzas populares &hellip;<\/p>\n","protected":false},"author":1,"featured_media":15879,"comment_status":"closed","ping_status":"closed","sticky":false,"template":"","format":"standard","meta":{"footnotes":""},"categories":[597,456],"tags":[3585],"class_list":["post-15878","post","type-post","status-publish","format-standard","has-post-thumbnail","","category-cinta-de-noticias","category-arabe-internacional-politica","tag-fuerzas-iraquies-inician-operativos-militares-para-liberar-a-regiones-al-norte-de-la-capital"],"_links":{"self":[{"href":"https:\/\/archive.sana.sy\/es\/index.php?rest_route=\/wp\/v2\/posts\/15878"}],"collection":[{"href":"https:\/\/archive.sana.sy\/es\/index.php?rest_route=\/wp\/v2\/posts"}],"about":[{"href":"https:\/\/archive.sana.sy\/es\/index.php?rest_route=\/wp\/v2\/types\/post"}],"author":[{"embeddable":true,"href":"https:\/\/archive.sana.sy\/es\/index.php?rest_route=\/wp\/v2\/users\/1"}],"replies":[{"embeddable":true,"href":"https:\/\/archive.sana.sy\/es\/index.php?rest_route=%2Fwp%2Fv2%2Fcomments&post=15878"}],"version-history":[{"count":0,"href":"https:\/\/archive.sana.sy\/es\/index.php?rest_route=\/wp\/v2\/posts\/15878\/revisions"}],"wp:featuredmedia":[{"embeddable":true,"href":"https:\/\/archive.sana.sy\/es\/index.php?rest_route=\/wp\/v2\/media\/15879"}],"wp:attachment":[{"href":"https:\/\/archive.sana.sy\/es\/index.php?rest_route=%2Fwp%2Fv2%2Fmedia&parent=15878"}],"wp:term":[{"taxonomy":"category","embeddable":true,"href":"https:\/\/archive.sana.sy\/es\/index.php?rest_route=%2Fwp%2Fv2%2Fcategories&post=15878"},{"taxonomy":"post_tag","embeddable":true,"href":"https:\/\/archive.sana.sy\/es\/index.php?rest_route=%2Fwp%2Fv2%2Ftags&post=15878"}],"curies":[{"name":"wp","href":"https:\/\/api.w.org\/{rel}","templated":true}]}}