{"id":158783,"date":"2020-11-09T13:41:42","date_gmt":"2020-11-09T11:41:42","guid":{"rendered":"http:\/\/107.6.182.27\/es\/?p=158783"},"modified":"2020-11-09T13:41:42","modified_gmt":"2020-11-09T11:41:42","slug":"conversaciones-entre-los-presidentes-al-assad-y-putin-sobre-la-conferencia-de-retorno-de-refugiados","status":"publish","type":"post","link":"https:\/\/archive.sana.sy\/es\/?p=158783","title":{"rendered":"Conversaciones entre los presidentes Al Assad y Putin sobre la Conferencia de Retorno de Refugiados"},"content":{"rendered":"<p style=\"text-align: justify;\"><span style=\"color: #800000;\"><strong>Damasco, SANA<\/strong><\/span><\/p>\n<p style=\"text-align: justify;\">Los presidentes Bashar Al Assad y su hom\u00f3logo ruso Vladimir Putin sostuvieron hoy conversaciones por videoconferencia.<\/p>\n<p style=\"text-align: justify;\">El presidente Al Assad afirm\u00f3 que la mayor\u00eda de los refugiados quieren regresar a Siria despu\u00e9s que el Estado haya creado las condiciones adecuadas para eso, y esper\u00f3 que la conferencia sobre el retorno de refugiados concluya con resultados importantes.<\/p>\n<p style=\"text-align: justify;\">&#8220;La Conferencia Internacional sobre el Retorno de Refugiados es solo el comienzo para la soluci\u00f3n de esta cuesti\u00f3n humanitaria&#8221;, afirm\u00f3 Al Assad.<\/p>\n<p style=\"text-align: justify;\">Denunci\u00f3 que el bloqueo occidental impuesto por Estados Unidos constituye un gran obst\u00e1culo ante el regreso de los refugiados; sin embargo, para Siria, el retorno de los refugiados es una prioridad y el gobierno sirio no solo est\u00e1 listo para eso sino est\u00e1 entusiasmado.<\/p>\n<p style=\"text-align: justify;\">&#8220;El problema de los refugiados es una cuesti\u00f3n humanitaria para nosotros, ustedes y para muchos pa\u00edses, pero para nosotros es una cuesti\u00f3n nacional&#8221;, remarc\u00f3.<\/p>\n<p style=\"text-align: justify;\">Tambi\u00e9n explic\u00f3 que el tema de los refugiados es una prioridad para el gobierno sirio durante la pr\u00f3xima etapa, especialmente despu\u00e9s de que una gran parte del territorio haya sido liberada del terrorismo.<\/p>\n<p style=\"text-align: justify;\">Por su parte, el presidente Putin afirm\u00f3 que &#8220;la magnitud del desastre humanitario en Siria sigue siendo grande, y Rusia apoya la celebraci\u00f3n de la conferencia internacional sobre refugiados y contin\u00faa haciendo todo lo posible para que sea un \u00e9xito, y coordina y consulta con el gobierno sirio para tomar todas las medidas y facilidades que permitan y ayuden a los refugiados a regresar a su tierra natal&#8221;.<\/p>\n<p style=\"text-align: justify;\">&#8220;Rusia apoya la celebraci\u00f3n de la conferencia internacional sobre refugiados y la delegaci\u00f3n rusa ser\u00e1 una de las delegaciones m\u00e1s grandes&#8221;, asegur\u00f3.<\/p>\n<p style=\"text-align: justify;\"><strong><span style=\"color: #0000ff;\">fm\/ed<\/span><\/strong><\/p>\n","protected":false},"excerpt":{"rendered":"<p>Damasco, SANA Los presidentes Bashar Al Assad y su hom\u00f3logo ruso Vladimir Putin sostuvieron hoy conversaciones por videoconferencia. El presidente Al Assad afirm\u00f3 que la mayor\u00eda de los refugiados quieren regresar a Siria despu\u00e9s que el Estado haya creado las condiciones adecuadas para eso, y esper\u00f3 que la conferencia sobre el retorno de refugiados concluya &hellip;<\/p>\n","protected":false},"author":32,"featured_media":158784,"comment_status":"closed","ping_status":"closed","sticky":false,"template":"","format":"standard","meta":{"footnotes":""},"categories":[597,16237,583],"tags":[],"class_list":["post-158783","post","type-post","status-publish","format-standard","has-post-thumbnail","","category-cinta-de-noticias","category-presidence-de-la-republique-arabe-syria","category-slide"],"_links":{"self":[{"href":"https:\/\/archive.sana.sy\/es\/index.php?rest_route=\/wp\/v2\/posts\/158783"}],"collection":[{"href":"https:\/\/archive.sana.sy\/es\/index.php?rest_route=\/wp\/v2\/posts"}],"about":[{"href":"https:\/\/archive.sana.sy\/es\/index.php?rest_route=\/wp\/v2\/types\/post"}],"author":[{"embeddable":true,"href":"https:\/\/archive.sana.sy\/es\/index.php?rest_route=\/wp\/v2\/users\/32"}],"replies":[{"embeddable":true,"href":"https:\/\/archive.sana.sy\/es\/index.php?rest_route=%2Fwp%2Fv2%2Fcomments&post=158783"}],"version-history":[{"count":0,"href":"https:\/\/archive.sana.sy\/es\/index.php?rest_route=\/wp\/v2\/posts\/158783\/revisions"}],"wp:featuredmedia":[{"embeddable":true,"href":"https:\/\/archive.sana.sy\/es\/index.php?rest_route=\/wp\/v2\/media\/158784"}],"wp:attachment":[{"href":"https:\/\/archive.sana.sy\/es\/index.php?rest_route=%2Fwp%2Fv2%2Fmedia&parent=158783"}],"wp:term":[{"taxonomy":"category","embeddable":true,"href":"https:\/\/archive.sana.sy\/es\/index.php?rest_route=%2Fwp%2Fv2%2Fcategories&post=158783"},{"taxonomy":"post_tag","embeddable":true,"href":"https:\/\/archive.sana.sy\/es\/index.php?rest_route=%2Fwp%2Fv2%2Ftags&post=158783"}],"curies":[{"name":"wp","href":"https:\/\/api.w.org\/{rel}","templated":true}]}}