{"id":158786,"date":"2020-11-09T13:49:07","date_gmt":"2020-11-09T11:49:07","guid":{"rendered":"http:\/\/107.6.182.27\/es\/?p=158786"},"modified":"2023-01-12T14:42:42","modified_gmt":"2023-01-12T12:42:42","slug":"ejercito-iraqui-arresta-a-cuatro-terroristas-del-daesh-en-norte-de-iraq","status":"publish","type":"post","link":"https:\/\/archive.sana.sy\/es\/?p=158786","title":{"rendered":"Ej\u00e9rcito iraqu\u00ed arresta a cuatro terroristas del Daesh en norte de Iraq"},"content":{"rendered":"<p style=\"text-align: justify;\"><strong><span style=\"color: #800000;\">Bagdad, SANA<\/span> <\/strong><\/p>\n<p style=\"text-align: justify;\">Las fuerzas iraqu\u00edes capturaron a cuatro terroristas de la organizaci\u00f3n terrorista Estado Isl\u00e1mico Daesh en la provincia de N\u00ednive, al norte del pa\u00eds.<\/p>\n<p style=\"text-align: justify;\">Seg\u00fan medios informativos iraqu\u00edes , la Direcci\u00f3n de Inteligencia iraqu\u00ed en N\u00ednive arrest\u00f3 a cuatro terroristas del Daesh en distintas \u00e1reas en la referida provincia.<\/p>\n<p style=\"text-align: justify;\">Las fuerzas conjuntas contin\u00faan sus operaciones para eliminar a los remanentes de ese grupo terrorista en varias \u00e1reas del pa\u00eds.<\/p>\n<p style=\"text-align: justify;\"><strong><span style=\"color: #0000ff;\">ws\/fm<\/span><\/strong><\/p>\n","protected":false},"excerpt":{"rendered":"<p>Bagdad, SANA Las fuerzas iraqu\u00edes capturaron a cuatro terroristas de la organizaci\u00f3n terrorista Estado Isl\u00e1mico Daesh en la provincia de N\u00ednive, al norte del pa\u00eds. Seg\u00fan medios informativos iraqu\u00edes , la Direcci\u00f3n de Inteligencia iraqu\u00ed en N\u00ednive arrest\u00f3 a cuatro terroristas del Daesh en distintas \u00e1reas en la referida provincia. Las fuerzas conjuntas contin\u00faan sus &hellip;<\/p>\n","protected":false},"author":35,"featured_media":158787,"comment_status":"closed","ping_status":"closed","sticky":false,"template":"","format":"standard","meta":{"footnotes":""},"categories":[597,456],"tags":[],"class_list":["post-158786","post","type-post","status-publish","format-standard","has-post-thumbnail","","category-cinta-de-noticias","category-arabe-internacional-politica"],"_links":{"self":[{"href":"https:\/\/archive.sana.sy\/es\/index.php?rest_route=\/wp\/v2\/posts\/158786"}],"collection":[{"href":"https:\/\/archive.sana.sy\/es\/index.php?rest_route=\/wp\/v2\/posts"}],"about":[{"href":"https:\/\/archive.sana.sy\/es\/index.php?rest_route=\/wp\/v2\/types\/post"}],"author":[{"embeddable":true,"href":"https:\/\/archive.sana.sy\/es\/index.php?rest_route=\/wp\/v2\/users\/35"}],"replies":[{"embeddable":true,"href":"https:\/\/archive.sana.sy\/es\/index.php?rest_route=%2Fwp%2Fv2%2Fcomments&post=158786"}],"version-history":[{"count":0,"href":"https:\/\/archive.sana.sy\/es\/index.php?rest_route=\/wp\/v2\/posts\/158786\/revisions"}],"wp:featuredmedia":[{"embeddable":true,"href":"https:\/\/archive.sana.sy\/es\/index.php?rest_route=\/wp\/v2\/media\/158787"}],"wp:attachment":[{"href":"https:\/\/archive.sana.sy\/es\/index.php?rest_route=%2Fwp%2Fv2%2Fmedia&parent=158786"}],"wp:term":[{"taxonomy":"category","embeddable":true,"href":"https:\/\/archive.sana.sy\/es\/index.php?rest_route=%2Fwp%2Fv2%2Fcategories&post=158786"},{"taxonomy":"post_tag","embeddable":true,"href":"https:\/\/archive.sana.sy\/es\/index.php?rest_route=%2Fwp%2Fv2%2Ftags&post=158786"}],"curies":[{"name":"wp","href":"https:\/\/api.w.org\/{rel}","templated":true}]}}