{"id":158789,"date":"2020-11-09T14:38:03","date_gmt":"2020-11-09T12:38:03","guid":{"rendered":"http:\/\/107.6.182.27\/es\/?p=158789"},"modified":"2020-11-09T14:38:03","modified_gmt":"2020-11-09T12:38:03","slug":"vicepresidente-del-senado-checo-critica-intervencion-de-ee-uu-y-el-regimen-de-erdogan-en-siria","status":"publish","type":"post","link":"https:\/\/archive.sana.sy\/es\/?p=158789","title":{"rendered":"Vicepresidente del Senado checo critica intervenci\u00f3n de EE.UU y el r\u00e9gimen de Erdogan en Siria"},"content":{"rendered":"<p style=\"text-align: justify;\"><span style=\"color: #800000;\"><strong>Praga, SANA<\/strong><\/span><\/p>\n<p style=\"text-align: justify;\">El vicepresidente de la C\u00e1mara de Representantes checa, jefe del Movimiento por la Libertad y la Democracia Directa, Tomio Okamura, critic\u00f3 las injerencias ilegales de Estados Unidos y del r\u00e9gimen de Recep Tayyip Erdogan en Siria.<\/p>\n<p style=\"text-align: justify;\">En una entrevista con la televisi\u00f3n checa, Okamura indic\u00f3 que la presencia militar estadounidense y turca sobre el territorio sirio es ilegal porque no tiene autorizaci\u00f3n de las Naciones Unidas ni por invitaci\u00f3n del gobierno leg\u00edtimo sirio, a diferencia de la presencia rusa.<\/p>\n<p style=\"text-align: justify;\">Hizo hincapi\u00e9 en que Estados Unidos afecta negativamente la evoluci\u00f3n de la situaci\u00f3n en Oriente Medio y el norte de \u00c1frica, y se\u00f1al\u00f3 que fueron sus intervenciones que llevaron a Europa a sufrir una gran crisis de inmigraci\u00f3n.<\/p>\n<p style=\"text-align: justify;\"><strong><span style=\"color: #0000ff;\">fm\/ed<\/span><\/strong><\/p>\n","protected":false},"excerpt":{"rendered":"<p>Praga, SANA El vicepresidente de la C\u00e1mara de Representantes checa, jefe del Movimiento por la Libertad y la Democracia Directa, Tomio Okamura, critic\u00f3 las injerencias ilegales de Estados Unidos y del r\u00e9gimen de Recep Tayyip Erdogan en Siria. En una entrevista con la televisi\u00f3n checa, Okamura indic\u00f3 que la presencia militar estadounidense y turca sobre &hellip;<\/p>\n","protected":false},"author":32,"featured_media":158790,"comment_status":"closed","ping_status":"closed","sticky":false,"template":"","format":"standard","meta":{"footnotes":""},"categories":[597,467,7541],"tags":[],"class_list":["post-158789","post","type-post","status-publish","format-standard","has-post-thumbnail","","category-cinta-de-noticias","category-siria-y-el-mundo","category-ultimas-noticias"],"_links":{"self":[{"href":"https:\/\/archive.sana.sy\/es\/index.php?rest_route=\/wp\/v2\/posts\/158789"}],"collection":[{"href":"https:\/\/archive.sana.sy\/es\/index.php?rest_route=\/wp\/v2\/posts"}],"about":[{"href":"https:\/\/archive.sana.sy\/es\/index.php?rest_route=\/wp\/v2\/types\/post"}],"author":[{"embeddable":true,"href":"https:\/\/archive.sana.sy\/es\/index.php?rest_route=\/wp\/v2\/users\/32"}],"replies":[{"embeddable":true,"href":"https:\/\/archive.sana.sy\/es\/index.php?rest_route=%2Fwp%2Fv2%2Fcomments&post=158789"}],"version-history":[{"count":0,"href":"https:\/\/archive.sana.sy\/es\/index.php?rest_route=\/wp\/v2\/posts\/158789\/revisions"}],"wp:featuredmedia":[{"embeddable":true,"href":"https:\/\/archive.sana.sy\/es\/index.php?rest_route=\/wp\/v2\/media\/158790"}],"wp:attachment":[{"href":"https:\/\/archive.sana.sy\/es\/index.php?rest_route=%2Fwp%2Fv2%2Fmedia&parent=158789"}],"wp:term":[{"taxonomy":"category","embeddable":true,"href":"https:\/\/archive.sana.sy\/es\/index.php?rest_route=%2Fwp%2Fv2%2Fcategories&post=158789"},{"taxonomy":"post_tag","embeddable":true,"href":"https:\/\/archive.sana.sy\/es\/index.php?rest_route=%2Fwp%2Fv2%2Ftags&post=158789"}],"curies":[{"name":"wp","href":"https:\/\/api.w.org\/{rel}","templated":true}]}}