{"id":158905,"date":"2020-11-10T17:05:26","date_gmt":"2020-11-10T15:05:26","guid":{"rendered":"http:\/\/107.6.182.27\/es\/?p=158905"},"modified":"2020-11-10T17:03:43","modified_gmt":"2020-11-10T15:03:43","slug":"conferencia-internacional-sobre-retorno-de-refugiados-sirios-arranca-este-miercoles-en-damasco","status":"publish","type":"post","link":"https:\/\/archive.sana.sy\/es\/?p=158905","title":{"rendered":"Conferencia Internacional sobre Retorno de Refugiados Sirios arranca este mi\u00e9rcoles en Damasco"},"content":{"rendered":"<p style=\"text-align: justify\"><strong><span style=\"color: #800000\">Damasco, SANA<\/span><\/strong><\/p>\n<p style=\"text-align: justify\">La Conferencia Internacional sobre Retorno de Refugiados Sirios comenzar\u00e1 este mi\u00e9rcoles, en el Palacio de Convenciones en la capital Damasco.<\/p>\n<p style=\"text-align: justify\">El evento que durar\u00e1 dos d\u00edas y en el que participan varios pa\u00edses, apunta a poner fin al sufrimiento de los refugiados y facilitar su regreso a su tierra natal.<\/p>\n<p style=\"text-align: justify\">Durante las sesiones, a abordar\u00e1 la situaci\u00f3n actual en Siria, las condiciones para el regreso de los desplazados y los obst\u00e1culos que impiden su retorno, adem\u00e1s de crear las condiciones adecuadas para su regreso.<\/p>\n<p style=\"text-align: justify\">La conferencia tratar\u00e1 tambi\u00e9n la ayuda humanitaria, la restauraci\u00f3n de la infraestructura, la cooperaci\u00f3n entre organizaciones cient\u00edficas y educativas y la reconstrucci\u00f3n de la infraestructura energ\u00e9tica en Siria en el per\u00edodo de posguerra.<\/p>\n<p style=\"text-align: justify\">El evento se clausura con una sesi\u00f3n final en la que se leer\u00e1 la declaraci\u00f3n final.<\/p>\n<p style=\"text-align: justify\">En la v\u00edspera, el asistente del Ministro de Exteriores y Expatriados, Ayman Sousan, afirm\u00f3 que \u201cla conferencia constituye el primer pilar para el retorno de cada persona desplazada a su hogar y la provisi\u00f3n de una vida digna para \u00e9l\u201d.<\/p>\n<p style=\"text-align: justify\">Revel\u00f3 que se invit\u00f3 a todos los pa\u00edses a participar en la conferencia, con la excepci\u00f3n de Turqu\u00eda, ya que, seg\u00fan el diplom\u00e1tico, el r\u00e9gimen de Erdogan es el primer partidario de las organizaciones terroristas en Siria y no se puede esperar nada positivo de \u00e9l.<\/p>\n<p style=\"text-align: justify\">Seg\u00fan el asistente del canciller, China, Rusia, Ir\u00e1n, L\u00edbano, Emiratos \u00c1rabes Unidos, Pakist\u00e1n y el Sultanato de Om\u00e1n se encuentran entre los pa\u00edses participantes.<\/p>\n<p style=\"text-align: justify\"><span style=\"color: #0000ff\"><strong>fm\/ws<\/strong><\/span><\/p>\n","protected":false},"excerpt":{"rendered":"<p>Damasco, SANA La Conferencia Internacional sobre Retorno de Refugiados Sirios comenzar\u00e1 este mi\u00e9rcoles, en el Palacio de Convenciones en la capital Damasco. El evento que durar\u00e1 dos d\u00edas y en el que participan varios pa\u00edses, apunta a poner fin al sufrimiento de los refugiados y facilitar su regreso a su tierra natal. Durante las sesiones, &hellip;<\/p>\n","protected":false},"author":35,"featured_media":158906,"comment_status":"closed","ping_status":"closed","sticky":false,"template":"","format":"standard","meta":{"footnotes":""},"categories":[477,597,476,7541],"tags":[],"class_list":["post-158905","post","type-post","status-publish","format-standard","has-post-thumbnail","","category-noticias-edulcorantes","category-cinta-de-noticias","category-locales","category-ultimas-noticias"],"_links":{"self":[{"href":"https:\/\/archive.sana.sy\/es\/index.php?rest_route=\/wp\/v2\/posts\/158905"}],"collection":[{"href":"https:\/\/archive.sana.sy\/es\/index.php?rest_route=\/wp\/v2\/posts"}],"about":[{"href":"https:\/\/archive.sana.sy\/es\/index.php?rest_route=\/wp\/v2\/types\/post"}],"author":[{"embeddable":true,"href":"https:\/\/archive.sana.sy\/es\/index.php?rest_route=\/wp\/v2\/users\/35"}],"replies":[{"embeddable":true,"href":"https:\/\/archive.sana.sy\/es\/index.php?rest_route=%2Fwp%2Fv2%2Fcomments&post=158905"}],"version-history":[{"count":0,"href":"https:\/\/archive.sana.sy\/es\/index.php?rest_route=\/wp\/v2\/posts\/158905\/revisions"}],"wp:featuredmedia":[{"embeddable":true,"href":"https:\/\/archive.sana.sy\/es\/index.php?rest_route=\/wp\/v2\/media\/158906"}],"wp:attachment":[{"href":"https:\/\/archive.sana.sy\/es\/index.php?rest_route=%2Fwp%2Fv2%2Fmedia&parent=158905"}],"wp:term":[{"taxonomy":"category","embeddable":true,"href":"https:\/\/archive.sana.sy\/es\/index.php?rest_route=%2Fwp%2Fv2%2Fcategories&post=158905"},{"taxonomy":"post_tag","embeddable":true,"href":"https:\/\/archive.sana.sy\/es\/index.php?rest_route=%2Fwp%2Fv2%2Ftags&post=158905"}],"curies":[{"name":"wp","href":"https:\/\/api.w.org\/{rel}","templated":true}]}}