{"id":158913,"date":"2020-11-10T15:54:10","date_gmt":"2020-11-10T13:54:10","guid":{"rendered":"http:\/\/107.6.182.27\/es\/?p=158913"},"modified":"2023-01-10T14:31:13","modified_gmt":"2023-01-10T12:31:13","slug":"presidente-al-assad-recibe-a-asghar-khaji-y-las-conversaciones-abordan-la-conferencia-sobre-retorno-de-refugiados","status":"publish","type":"post","link":"https:\/\/archive.sana.sy\/es\/?p=158913","title":{"rendered":"Presidente Al-Assad recibe a Asghar Khaji y las conversaciones abordan la Conferencia sobre Retorno de Refugiados"},"content":{"rendered":"<p style=\"text-align: justify\"><span style=\"color: #800000\"><strong>Damasco, SANA<\/strong><\/span><\/p>\n<p style=\"text-align: justify\">El presidente Bashar Al Assad recibi\u00f3 hoy a Ali Asghar Khaji, el asistente principal del ministro de Exteriores iran\u00ed, y a los miembros de la delegaci\u00f3n que lo acompa\u00f1a.<\/p>\n<p style=\"text-align: justify\">Las conversaciones durante la reuni\u00f3n se centraron en la Conferencia Internacional para Retorno de Refugiados Sirios que se celebrar\u00e1 en Damasco.<\/p>\n<p style=\"text-align: justify\">La delegaci\u00f3n iran\u00ed inform\u00f3 al presidente al-Assad sobre la visi\u00f3n de Ir\u00e1n acerca de esa conferencia y su disposici\u00f3n para prestar cualquier apoyo que pueda contribuir a garantizar el \u00e9xito de este evento y la soluci\u00f3n de este expediente humanitario sirio.<\/p>\n<p><a href=\"http:\/\/107.6.182.27\/es\/wp-content\/uploads\/2020\/11\/DSC04072-scaled.jpg\"><img loading=\"lazy\" decoding=\"async\" class=\"size-medium wp-image-158946 alignleft\" src=\"http:\/\/107.6.182.27\/es\/wp-content\/uploads\/2020\/11\/DSC04072-300x167.jpg\" alt=\"\" width=\"300\" height=\"167\" srcset=\"https:\/\/archive.sana.sy\/es\/wp-content\/uploads\/2020\/11\/DSC04072-300x167.jpg 300w, https:\/\/archive.sana.sy\/es\/wp-content\/uploads\/2020\/11\/DSC04072-1024x569.jpg 1024w, https:\/\/archive.sana.sy\/es\/wp-content\/uploads\/2020\/11\/DSC04072-150x83.jpg 150w, https:\/\/archive.sana.sy\/es\/wp-content\/uploads\/2020\/11\/DSC04072-768x426.jpg 768w, https:\/\/archive.sana.sy\/es\/wp-content\/uploads\/2020\/11\/DSC04072-1536x853.jpg 1536w, https:\/\/archive.sana.sy\/es\/wp-content\/uploads\/2020\/11\/DSC04072-2048x1137.jpg 2048w\" sizes=\"(max-width: 300px) 100vw, 300px\" \/><\/a><\/p>\n<p style=\"text-align: justify\">En este sentido, afirm\u00f3 que la mejora notable de la situaci\u00f3n en el territorio sirio y los incansables esfuerzos desempe\u00f1ados por el gobierno sirio para reconstruir lo destruido por el terrorismo constituye una base s\u00f3lida para repatriar a todos los refugiados sirios y poner fin al sufrimiento de la mayor\u00eda de ellos en los pa\u00edses de asilo.<\/p>\n<p style=\"text-align: justify\">A su vez, el presidente al-Assad enfatiz\u00f3 que la conferencia ser\u00e1 un paso esencial tomado por el gobierno sirio para cerrar este expediente humanitario, ya que la misma permitir\u00e1 el intercambio de puntos de vista e ideas con varios actores regionales e internacionales.<\/p>\n<p style=\"text-align: justify\">Destac\u00f3 que el tema de los refugiados es un asunto sirio, pero la soluci\u00f3n del mismo no depende solo del gobierno sirio, sino tambi\u00e9n de la honestidad de algunos pa\u00edses que alegan supuestamente defender los derechos humanos, pero al mismo tiempo no les importan las dif\u00edciles condiciones en las que han vivido los refugiados a lo largo de los \u00faltimos a\u00f1os.<\/p>\n<p style=\"text-align: justify\">\u201cEstos pa\u00edses est\u00e1n trabajando arduamente para politizar el expediente humanitario y mantener los refugiados fuera del territorio sirio el mayor tiempo posible para presionar a Siria\u201d, asegur\u00f3.<\/p>\n<p style=\"text-align: justify\">Ambas partes intercambiaron opiniones sobre una serie de cuestiones de inter\u00e9s pol\u00edtico, incluidas las conversaciones de Astan\u00e1 sobre Siria y el Comit\u00e9 encargado de debatir la Constituci\u00f3n siria.<\/p>\n<p style=\"text-align: justify\">La reuni\u00f3n cont\u00f3 con la asistencia de Bouzeina Shaaban, la asesora pol\u00edtica y de prensa de la Presidencia de la Rep\u00fablica, Faisal al-Mekdad, Viceministro de Exteriores y Expatriados, el Director del Departamento de Asia del Ministerio de Relaciones Exteriores, y Luna Al-Shibl, Directora del Despacho Pol\u00edtico y de Prensa de la Presidencia de la Rep\u00fablica.<\/p>\n<p>&nbsp;<\/p>\n<p style=\"text-align: justify\"><span style=\"color: #0000ff\"><strong><em>la\/fm<\/em><\/strong><\/span><\/p>\n","protected":false},"excerpt":{"rendered":"<p>Damasco, SANA El presidente Bashar Al Assad recibi\u00f3 hoy a Ali Asghar Khaji, el asistente principal del ministro de Exteriores iran\u00ed, y a los miembros de la delegaci\u00f3n que lo acompa\u00f1a. Las conversaciones durante la reuni\u00f3n se centraron en la Conferencia Internacional para Retorno de Refugiados Sirios que se celebrar\u00e1 en Damasco. La delegaci\u00f3n iran\u00ed &hellip;<\/p>\n","protected":false},"author":34,"featured_media":158914,"comment_status":"closed","ping_status":"closed","sticky":false,"template":"","format":"standard","meta":{"footnotes":""},"categories":[447,597,16237,467,583,626],"tags":[],"class_list":["post-158913","post","type-post","status-publish","format-standard","has-post-thumbnail","","category-local-politica","category-cinta-de-noticias","category-presidence-de-la-republique-arabe-syria","category-siria-y-el-mundo","category-slide","category-sr-presidente"],"_links":{"self":[{"href":"https:\/\/archive.sana.sy\/es\/index.php?rest_route=\/wp\/v2\/posts\/158913"}],"collection":[{"href":"https:\/\/archive.sana.sy\/es\/index.php?rest_route=\/wp\/v2\/posts"}],"about":[{"href":"https:\/\/archive.sana.sy\/es\/index.php?rest_route=\/wp\/v2\/types\/post"}],"author":[{"embeddable":true,"href":"https:\/\/archive.sana.sy\/es\/index.php?rest_route=\/wp\/v2\/users\/34"}],"replies":[{"embeddable":true,"href":"https:\/\/archive.sana.sy\/es\/index.php?rest_route=%2Fwp%2Fv2%2Fcomments&post=158913"}],"version-history":[{"count":0,"href":"https:\/\/archive.sana.sy\/es\/index.php?rest_route=\/wp\/v2\/posts\/158913\/revisions"}],"wp:featuredmedia":[{"embeddable":true,"href":"https:\/\/archive.sana.sy\/es\/index.php?rest_route=\/wp\/v2\/media\/158914"}],"wp:attachment":[{"href":"https:\/\/archive.sana.sy\/es\/index.php?rest_route=%2Fwp%2Fv2%2Fmedia&parent=158913"}],"wp:term":[{"taxonomy":"category","embeddable":true,"href":"https:\/\/archive.sana.sy\/es\/index.php?rest_route=%2Fwp%2Fv2%2Fcategories&post=158913"},{"taxonomy":"post_tag","embeddable":true,"href":"https:\/\/archive.sana.sy\/es\/index.php?rest_route=%2Fwp%2Fv2%2Ftags&post=158913"}],"curies":[{"name":"wp","href":"https:\/\/api.w.org\/{rel}","templated":true}]}}