{"id":158923,"date":"2020-11-10T12:31:52","date_gmt":"2020-11-10T10:31:52","guid":{"rendered":"http:\/\/107.6.182.27\/es\/?p=158923"},"modified":"2023-01-10T14:31:13","modified_gmt":"2023-01-10T12:31:13","slug":"mercenarios-pro-turcos-toman-por-la-fuerza-cientos-de-hectareas-de-tierras-agricolas-en-el-noreste-sirio","status":"publish","type":"post","link":"https:\/\/archive.sana.sy\/es\/?p=158923","title":{"rendered":"Mercenarios pro turcos toman por la fuerza cientos de hect\u00e1reas de tierras agr\u00edcolas en el noreste sirio"},"content":{"rendered":"<p style=\"text-align: justify\"><span style=\"color: #800000\">Hasakeh, SANA<\/span><\/p>\n<p style=\"text-align: justify\">Las organizaciones terroristas pro turcas han continuado sus acciones inhumanas en el noreste sirio, donde tomaron por la fuerza amplias \u00e1reas de tierras agr\u00edcolas en la zona de Ras al-Ein en el noroeste de la provincia de Hasakeh.<\/p>\n<p style=\"text-align: justify\">Fuentes locales informaron que mercenarios del ocupante turco pertenecientes al grupo terrorista denominado &#8220;Divisi\u00f3n de Hamzat\u201d se apoderaron a mano armado de cientos de hect\u00e1reas en las aldeas de al-Douri, Tal al-Baram, Tina y al-Hardana en las cercan\u00edas de Ras al-Ein.<\/p>\n<p style=\"text-align: justify\">Arrojaron luz sobre el descontento entre la poblaci\u00f3n de las aldeas ocupadas en la regi\u00f3n de Ras al-Ein como resultado de las pr\u00e1cticas criminales cometidas por parte de los mercenarios pro turcos, quienes impidieron de forma deliberada el ingreso de los agricultores a sus tierras y procedieron a saquear sus cultivos, hecho que contribuye a la prevalencia de pobreza y el hambre prevalezcan en la regi\u00f3n nororiental.<\/p>\n<p style=\"text-align: justify\">Desde el inicio de su agresi\u00f3n contra el territorio sirio en octubre del a\u00f1o 2018, las tropas del r\u00e9gimen turco y sus mercenarios han llevado a cabo varias acciones criminales contra la poblaci\u00f3n de Ras al-Ein, entre ellas la destrucci\u00f3n de la infraestructura y las instalaciones de servicio, lo que provoc\u00f3 una gran ola de desplazamiento de esta zona y sus cercan\u00edas hacia las ciudades de Hasakeh y Qamishli.<\/p>\n<p style=\"text-align: justify\"><span style=\"color: #0000ff\"><em>la<\/em><\/span><\/p>\n<p style=\"text-align: justify\">\n","protected":false},"excerpt":{"rendered":"<p>Hasakeh, SANA Las organizaciones terroristas pro turcas han continuado sus acciones inhumanas en el noreste sirio, donde tomaron por la fuerza amplias \u00e1reas de tierras agr\u00edcolas en la zona de Ras al-Ein en el noroeste de la provincia de Hasakeh. Fuentes locales informaron que mercenarios del ocupante turco pertenecientes al grupo terrorista denominado &#8220;Divisi\u00f3n de &hellip;<\/p>\n","protected":false},"author":24,"featured_media":155815,"comment_status":"closed","ping_status":"closed","sticky":false,"template":"","format":"standard","meta":{"footnotes":""},"categories":[447,597,573,7541],"tags":[],"class_list":["post-158923","post","type-post","status-publish","format-standard","has-post-thumbnail","","category-local-politica","category-cinta-de-noticias","category-la-realidad-de-los-acontecimientos-en-siria","category-ultimas-noticias"],"_links":{"self":[{"href":"https:\/\/archive.sana.sy\/es\/index.php?rest_route=\/wp\/v2\/posts\/158923"}],"collection":[{"href":"https:\/\/archive.sana.sy\/es\/index.php?rest_route=\/wp\/v2\/posts"}],"about":[{"href":"https:\/\/archive.sana.sy\/es\/index.php?rest_route=\/wp\/v2\/types\/post"}],"author":[{"embeddable":true,"href":"https:\/\/archive.sana.sy\/es\/index.php?rest_route=\/wp\/v2\/users\/24"}],"replies":[{"embeddable":true,"href":"https:\/\/archive.sana.sy\/es\/index.php?rest_route=%2Fwp%2Fv2%2Fcomments&post=158923"}],"version-history":[{"count":0,"href":"https:\/\/archive.sana.sy\/es\/index.php?rest_route=\/wp\/v2\/posts\/158923\/revisions"}],"wp:featuredmedia":[{"embeddable":true,"href":"https:\/\/archive.sana.sy\/es\/index.php?rest_route=\/wp\/v2\/media\/155815"}],"wp:attachment":[{"href":"https:\/\/archive.sana.sy\/es\/index.php?rest_route=%2Fwp%2Fv2%2Fmedia&parent=158923"}],"wp:term":[{"taxonomy":"category","embeddable":true,"href":"https:\/\/archive.sana.sy\/es\/index.php?rest_route=%2Fwp%2Fv2%2Fcategories&post=158923"},{"taxonomy":"post_tag","embeddable":true,"href":"https:\/\/archive.sana.sy\/es\/index.php?rest_route=%2Fwp%2Fv2%2Ftags&post=158923"}],"curies":[{"name":"wp","href":"https:\/\/api.w.org\/{rel}","templated":true}]}}